{"id":12433,"date":"2020-08-05T12:18:38","date_gmt":"2020-08-05T11:18:38","guid":{"rendered":"http:\/\/ostrowska.tv\/?p=12433"},"modified":"2020-08-05T12:27:26","modified_gmt":"2020-08-05T11:27:26","slug":"28-latka-zmarla-w-17-tygodniu-ciazy","status":"publish","type":"post","link":"https:\/\/ostrowskatv.pl\/?p=12433","title":{"rendered":"28-latka zmar\u0142a w 17. tygodniu ci\u0105\u017cy"},"content":{"rendered":"<p><strong>Prawdziwy dramat rozegra\u0142 si\u0119 przed budynkiem ostrowskiego szpitala. W poniedzia\u0142ek w godzinach porannych m\u0119\u017cczyzna przywi\u00f3z\u0142 swoj\u0105 28-letni\u0105 \u017con\u0119 do ostrzeszowskiego szpitala.\u00a0 By\u0142a w 17. tygodniu ci\u0105\u017cy. Jej stan zdrowia mocno si\u0119 pogarsza\u0142. Mia\u0142a du\u017ce duszno\u015bci.<\/strong><\/p>\n<p>Personel ostrzeszowskiego szpitala zacz\u0105\u0142 podejrzewa\u0107 COVID-19. Szybko prze\u015bwietlono p\u0142uca, ale nie stwierdzono charakterystycznych dla tej choroby zmian p\u0142ucnych. Stan kobiety stale si\u0119 pogarsza\u0142. Zg\u0142oszono zapotrzebowanie na transport \u015bmig\u0142owcem Lotniczego Pogotowia Ratunkowego, ale z uwagi na z\u0142e warunki w Poznaniu odm\u00f3wiono transportu.<\/p>\n<p>Podj\u0119to decyzj\u0119 o transporcie pacjentki do ostrowskiego szpitala, gdzie jest do\u015b\u0107 specjalistyczna intensywna pomoc medyczna. Poniewa\u017c Ostrzesz\u00f3w nie dysponowa\u0142 odpowiedni\u0105 karetk\u0105, czekano a\u017c przyjedzie karetka z Kalisza z ratownikami. Na pok\u0142ad wsiad\u0142a lekarka z Ostrzeszowa i dalej szybko jechano do Ostrowa.\u00a0<\/p>\n<p>Zanim 28-latka trafi\u0142a do budynku szpitala, jej serce stan\u0119\u0142o. W namiocie przed budynkiem ostrowskiego szpitala przeprowadzono oko\u0142o godzinn\u0105 reanimacj\u0119. Pomimo wysi\u0142k\u00f3w lekarzy, nie uda\u0142o si\u0119 przywr\u00f3ci\u0107 jej czynno\u015bci \u017cyciowych. Wcze\u015bniej podczas diagnostyki stwierdzono spor\u0105 ilo\u015b\u0107 p\u0142ynu osierdziowego, co mia\u0142o wp\u0142yw na mo\u017cliwo\u015b\u0107 pracy serca.<\/p>\n<p>Mieszkanka gm. So\u015bnie zmar\u0142a. Cia\u0142o zabezpieczono do sekcji zw\u0142ok, kt\u00f3ra by\u0142a przeprowadzona w Poznaniu.<\/p>\n","protected":false},"excerpt":{"rendered":"Prawdziwy dramat rozegra\u0142 si\u0119 przed budynkiem ostrowskiego szpitala. W poniedzia\u0142ek w godzinach porannych m\u0119\u017cczyzna przywi\u00f3z\u0142 swoj\u0105 28-letni\u0105 \u017con\u0119 do ostrzeszowskiego szpitala.\u00a0 By\u0142a w \n<a class=\"moretag\" href=\"https:\/\/ostrowskatv.pl\/?p=12433\"> [...]<\/a>","protected":false},"author":1,"featured_media":12432,"comment_status":"open","ping_status":"closed","sticky":false,"template":"","format":"standard","meta":{"footnotes":""},"categories":[1],"tags":[12],"class_list":["post-12433","post","type-post","status-publish","format-standard","has-post-thumbnail","hentry","category-news","tag-smierc"],"_links":{"self":[{"href":"https:\/\/ostrowskatv.pl\/index.php?rest_route=\/wp\/v2\/posts\/12433","targetHints":{"allow":["GET"]}}],"collection":[{"href":"https:\/\/ostrowskatv.pl\/index.php?rest_route=\/wp\/v2\/posts"}],"about":[{"href":"https:\/\/ostrowskatv.pl\/index.php?rest_route=\/wp\/v2\/types\/post"}],"author":[{"embeddable":true,"href":"https:\/\/ostrowskatv.pl\/index.php?rest_route=\/wp\/v2\/users\/1"}],"replies":[{"embeddable":true,"href":"https:\/\/ostrowskatv.pl\/index.php?rest_route=%2Fwp%2Fv2%2Fcomments&post=12433"}],"version-history":[{"count":0,"href":"https:\/\/ostrowskatv.pl\/index.php?rest_route=\/wp\/v2\/posts\/12433\/revisions"}],"wp:featuredmedia":[{"embeddable":true,"href":"https:\/\/ostrowskatv.pl\/index.php?rest_route=\/wp\/v2\/media\/12432"}],"wp:attachment":[{"href":"https:\/\/ostrowskatv.pl\/index.php?rest_route=%2Fwp%2Fv2%2Fmedia&parent=12433"}],"wp:term":[{"taxonomy":"category","embeddable":true,"href":"https:\/\/ostrowskatv.pl\/index.php?rest_route=%2Fwp%2Fv2%2Fcategories&post=12433"},{"taxonomy":"post_tag","embeddable":true,"href":"https:\/\/ostrowskatv.pl\/index.php?rest_route=%2Fwp%2Fv2%2Ftags&post=12433"}],"curies":[{"name":"wp","href":"https:\/\/api.w.org\/{rel}","templated":true}]}}