{"id":12428,"date":"2020-08-04T14:19:35","date_gmt":"2020-08-04T13:19:35","guid":{"rendered":"http:\/\/ostrowska.tv\/?p=12428"},"modified":"2020-08-04T14:19:35","modified_gmt":"2020-08-04T13:19:35","slug":"zmiana-wyroku-w-sprawie-zabijania-karpii","status":"publish","type":"post","link":"https:\/\/ostrowskatv.pl\/?p=12428","title":{"rendered":"Zmiana wyroku w sprawie zabijania karpii"},"content":{"rendered":"<p><strong>Dzi\u015b w S\u0105dzie Okr\u0119gowym w Kaliszu zapad\u0142 wyrok w sprawie m\u0119\u017cczyzny, kt\u00f3ry w grudniu 2018 roku zabija\u0142 karpie za pomoc\u0105 t\u0119pej gilotyny. S\u0105d pierwszej instancji skaza\u0142 m\u0119\u017cczyzn\u0119 na 3 miesi\u0105ce bezwzgl\u0119dnej kary pozbawienia wolno\u015bci. S\u0105d Okr\u0119gowy zmieni\u0142 wyrok i stwierdzi\u0142, \u017ce to nie by\u0142o zabijanie karpi \u017ce szczeg\u00f3lnym okrucie\u0144stwem a jedynie bez wcze\u015bniejszego ich og\u0142uszania. Wymierzy\u0142 mu kar\u0119 grzywny 800 z\u0142 i nawi\u0105zk\u0119 na rzecz fundacji Viva! S\u0105d stwierdzi\u0142, \u017ce nie jest od rozstrzygania czy ryby odczuwaj\u0105 b\u00f3l, bo tym powinni zaj\u0105\u0107 si\u0119 naukowcy. Dotychczasowe wyniki ich prac by\u0142y zr\u00f3\u017cnicowane. <\/strong><\/p>\n<p>Katarzyna Topczewska, adwokat reprezentuj\u0105ca oskar\u017cyciela posi\u0142kowego, fundacj\u0119 Viva! powiedzia\u0142a, \u017ce kary o r\u00f3wnowarto\u015bci 800 z\u0142 zapada\u0142y mniej wi\u0119cej 20 lat temu w,tedy kiedy dopiero ustawa o ochronie zwierz\u0105t wchodzi\u0142a w \u017cycie.\u00a0 Prokuratorzy i s\u0119dziowie uczyli si\u0119. Teraz przy tej \u015bwiadomo\u015bci przy tych kampaniach spo\u0142ecznych, kt\u00f3re m\u00f3wi\u0105 o tym, \u017ce ryby te\u017c czuj\u0105, te\u017c cierpi\u0105, powinny by\u0107 traktowane tak jak wszystkie inne zwierz\u0119ta. Ten wyrok jest bardzo niesatysfakcjonuj\u0105cy, bo s\u0105d rozgranicza, mam wra\u017cenie, cierpienie ryb i innych zwierz\u0105t. My\u015bl\u0119, \u017ce zupe\u0142nie inne wyroki zapad\u0142yby, gdyby sprawa dotyczy\u0142aby psa, kota czy nawet krowy N.atomiast tutaj s\u0105d powo\u0142a\u0142 si\u0119 w wyroku na opini\u0119 bieg\u0142ego, kt\u00f3r\u0105 ja kwestionowa\u0142am kilkukrotnie. ws<\/p>\n<p><span style=\"font-size: 1rem;\">Wskazywa\u0142am, \u017ce bieg\u0142y jest osob\u0105 niekompetentn\u0105, nierzeteln\u0105, \u017ce wsp\u00f3\u0142pracuje z producentami ryb, \u017ce jego opinia jest stronnicza przedstawia bardzo w\u0105ski nurt, taki na poziomie stwierdzenia tych os\u00f3b, kt\u00f3re tylko m\u00f3wi\u0105, \u017ce ziemia jest p\u0142aska. Mniej wi\u0119cej na tej zasadzie w\u0105skiej grupy os\u00f3b, kt\u00f3ra twierdzi, \u017ce ryby nie czuj\u0105. Powo\u0142uje si\u0119 na badania obarczone b\u0142\u0119dami, bo pomija zupe\u0142nie to, \u017ce wi\u0119kszo\u015b\u0107 naukowc\u00f3w absolutnie jest przekonana, \u017ce ryby i czuj\u0105 i cierpi\u0105, czy s\u0105 zdolne i do odczuwania b\u00f3lu i do utrzymania cierpie\u0144 psychicznych. S\u0105d zmieni\u0142 kwalifikacj\u0119 prawn\u0105 czynu. Stwierdzi\u0142, \u017ce to nie by\u0142o szczeg\u00f3lne okrucie\u0144stwo, w\u0142a\u015bnie powo\u0142uj\u0105c si\u0119 na opini\u0119 nierzetelnego bieg\u0142ego. Ja prosi\u0142am o zmian\u0119 tego bieg\u0142ego, wnosi\u0142am o powo\u0142anie osoby z dorobkiem naukowym i tytu\u0142em profesorskim, kt\u00f3ra prowadzi badania nad cierpieniem ryb. Pan bieg\u0142y Ciszewski \u017cadnego dorobku naukowego nie ma, jest magistrem, a jego opinia zawiera liczne b\u0142\u0119dy, ale my\u015bl\u0119, \u017ce gdyby dosz\u0142o do konfrontacji tutaj tych bieg\u0142ych, to pani profesor by\u0142aby w kontrze do bieg\u0142ego Ciszewskiego i mieliby\u015bmy Czarno na bia\u0142ym powiedziane, \u017ce ryby tak jak wszystkie inne zwierz\u0119ta czuj\u0105 i cierpi\u0105. No niestety. <\/span><\/p>\n<p><span style=\"font-size: 1rem;\">Mia\u0142am nadziej\u0119, \u017ce ten wyrok b\u0119dzie takim prezydentem takim wyra\u017anym symbolem tego \u017c,e w\u0142a\u015bnie ryby nale\u017cy traktowa\u0107 tak jak wszystkie inne zwierz\u0119ta, bo ten wyrok pierwszej instancji ta kara trzech miesi\u0119cy pozbawienia wolno\u015bci, by\u0142 to wyrok\u00a0 kontrowersyjny, ale to by\u0142a najni\u017csza kara pozbawienia wolno\u015bci jak\u0105 s\u0105d mo\u017ce orzec za szczeg\u00f3lne okrucie\u0144stwo. S\u0105d Okr\u0119gowy stwierdzi\u0142, \u017ce to szczeg\u00f3lne okrucie\u0144stwo nie by\u0142o. Ja nie wiem co trzeba jeszcze zrobi\u0107 rybom, \u017ceby S\u0105dy uznawa\u0142y,<\/span><span style=\"font-size: 1rem;\"> \u017ce jest zabijanie ze szczeg\u00f3lnym okrucie\u0144stwem, wi\u0119c ja nie nie zgadzam si\u0119 tutaj z przyj\u0119t\u0105 kwalifikacj\u0119 prawn\u0105. Nie zgadzam si\u0119 z opini\u0105 bieg\u0142ego natomiast ju\u017c w tym momencie my mamy zwi\u0105zane r\u0119ce dlatego, \u017ce od nie przys\u0142uguje skarga do S\u0105du Najwy\u017cszego.\u00a0<\/span><\/p>\n<p>Wojciech Ko\u0142odziejczyk, obro\u0144ca oskar\u017conego powiedzia\u0142, \u017ce jego klient <span style=\"font-size: 1rem;\">\u00a0przyj\u0105\u0142 wyrok z satysfakcj\u0105.\u00a0<\/span><\/p>\n<p>&#8211; S\u0119dzia uzna\u0142a, \u017ce zachowanie oskar\u017conego wynika z jego pochodzenia ze \u015brodowiska wiejskiego i nie zamierza\u0142 zadawa\u0107 cierpienia rybom.<\/p>\n","protected":false},"excerpt":{"rendered":"Dzi\u015b w S\u0105dzie Okr\u0119gowym w Kaliszu zapad\u0142 wyrok w sprawie m\u0119\u017cczyzny, kt\u00f3ry w grudniu 2018 roku zabija\u0142 karpie za pomoc\u0105 t\u0119pej gilotyny. S\u0105d \n<a class=\"moretag\" href=\"https:\/\/ostrowskatv.pl\/?p=12428\"> [...]<\/a>","protected":false},"author":1,"featured_media":12429,"comment_status":"open","ping_status":"closed","sticky":false,"template":"","format":"standard","meta":{"footnotes":""},"categories":[1],"tags":[52],"class_list":["post-12428","post","type-post","status-publish","format-standard","has-post-thumbnail","hentry","category-news","tag-sad"],"_links":{"self":[{"href":"https:\/\/ostrowskatv.pl\/index.php?rest_route=\/wp\/v2\/posts\/12428","targetHints":{"allow":["GET"]}}],"collection":[{"href":"https:\/\/ostrowskatv.pl\/index.php?rest_route=\/wp\/v2\/posts"}],"about":[{"href":"https:\/\/ostrowskatv.pl\/index.php?rest_route=\/wp\/v2\/types\/post"}],"author":[{"embeddable":true,"href":"https:\/\/ostrowskatv.pl\/index.php?rest_route=\/wp\/v2\/users\/1"}],"replies":[{"embeddable":true,"href":"https:\/\/ostrowskatv.pl\/index.php?rest_route=%2Fwp%2Fv2%2Fcomments&post=12428"}],"version-history":[{"count":0,"href":"https:\/\/ostrowskatv.pl\/index.php?rest_route=\/wp\/v2\/posts\/12428\/revisions"}],"wp:featuredmedia":[{"embeddable":true,"href":"https:\/\/ostrowskatv.pl\/index.php?rest_route=\/wp\/v2\/media\/12429"}],"wp:attachment":[{"href":"https:\/\/ostrowskatv.pl\/index.php?rest_route=%2Fwp%2Fv2%2Fmedia&parent=12428"}],"wp:term":[{"taxonomy":"category","embeddable":true,"href":"https:\/\/ostrowskatv.pl\/index.php?rest_route=%2Fwp%2Fv2%2Fcategories&post=12428"},{"taxonomy":"post_tag","embeddable":true,"href":"https:\/\/ostrowskatv.pl\/index.php?rest_route=%2Fwp%2Fv2%2Ftags&post=12428"}],"curies":[{"name":"wp","href":"https:\/\/api.w.org\/{rel}","templated":true}]}}