{"id":12419,"date":"2020-08-02T15:38:06","date_gmt":"2020-08-02T14:38:06","guid":{"rendered":"http:\/\/ostrowska.tv\/?p=12419"},"modified":"2020-08-02T15:38:54","modified_gmt":"2020-08-02T14:38:54","slug":"dwie-mlode-osoby-zginely-po-uderzeniu-w-drzewo","status":"publish","type":"post","link":"https:\/\/ostrowskatv.pl\/?p=12419","title":{"rendered":"Dwie m\u0142ode osoby zgin\u0119\u0142y po uderzeniu w drzewo"},"content":{"rendered":"<p><strong>W niedziel\u0119 oko\u0142o godz. 13.40 stra\u017c po\u017carna w Jarocinie zosta\u0142a powiadomiona o wypadku na drodze wojew\u00f3dzkiej pomi\u0119dzy Tarcami, a Lubini\u0105 Ma\u0142\u0105 w powiecie jaroci\u0144skim. Na miejsce zadysponowano 7 zast\u0119p\u00f3w stra\u017cy po\u017carnej, karetk\u0119 pogotowia oraz \u015bmig\u0142owiec LPR. <\/strong><\/p>\n<p>Stra\u017cacy przy u\u017cyciu sprz\u0119tu hydraulicznego ewakuowali osoby poszkodowane poza pojazd. <\/p>\n<p>Przyby\u0142y na miejsce lekarz stwierdzi\u0142 zgon m\u0142odego m\u0119\u017cczyzny i m\u0142odej kobiety. Auto to Volkswagen Passat na tablicach rejestracyjnych z powiatu krotoszy\u0144skiego. W baga\u017cniku znajdowa\u0142y si\u0119 puszki po piwie. <\/p>\n<p>Policjanci nie ustalili jeszcze to\u017csamo\u015bci ofiar. <\/p>\n<p>Wypadek mia\u0142 miejsce w lesie. Na \u0142uku drogi auto zjecha\u0142o na zewn\u0119trzn\u0105 cz\u0119\u015b\u0107 drogi\/prawa strona i wjecha\u0142o do rowu, gdzie bokiem od strony kierowcy uderzy\u0142o w drzewo. <\/p>\n<div id='gallery-1' class='gallery galleryid-12419 gallery-columns-3 gallery-size-thumbnail'><figure class='gallery-item'>\n\t\t\t<div class='gallery-icon landscape'>\n\t\t\t\t<a href='https:\/\/ostrowskatv.pl\/?attachment_id=12420'><img loading=\"lazy\" decoding=\"async\" width=\"150\" height=\"150\" src=\"https:\/\/ostrowskatv.pl\/wp-content\/uploads\/2020\/08\/IMG_20200802_155357-01-150x150.jpeg\" class=\"attachment-thumbnail size-thumbnail\" alt=\"\" \/><\/a>\n\t\t\t<\/div><\/figure><figure class='gallery-item'>\n\t\t\t<div class='gallery-icon landscape'>\n\t\t\t\t<a href='https:\/\/ostrowskatv.pl\/?attachment_id=12421'><img loading=\"lazy\" decoding=\"async\" width=\"150\" height=\"150\" src=\"https:\/\/ostrowskatv.pl\/wp-content\/uploads\/2020\/08\/IMG_20200802_155402-01-150x150.jpeg\" class=\"attachment-thumbnail size-thumbnail\" alt=\"\" \/><\/a>\n\t\t\t<\/div><\/figure><figure class='gallery-item'>\n\t\t\t<div class='gallery-icon landscape'>\n\t\t\t\t<a href='https:\/\/ostrowskatv.pl\/?attachment_id=12422'><img loading=\"lazy\" decoding=\"async\" width=\"150\" height=\"150\" src=\"https:\/\/ostrowskatv.pl\/wp-content\/uploads\/2020\/08\/IMG_20200802_152011-01-01-150x150.jpeg\" class=\"attachment-thumbnail size-thumbnail\" alt=\"\" \/><\/a>\n\t\t\t<\/div><\/figure><figure class='gallery-item'>\n\t\t\t<div class='gallery-icon landscape'>\n\t\t\t\t<a href='https:\/\/ostrowskatv.pl\/?attachment_id=12423'><img loading=\"lazy\" decoding=\"async\" width=\"150\" height=\"150\" src=\"https:\/\/ostrowskatv.pl\/wp-content\/uploads\/2020\/08\/IMG_20200802_152006-01-150x150.jpeg\" class=\"attachment-thumbnail size-thumbnail\" alt=\"\" \/><\/a>\n\t\t\t<\/div><\/figure><figure class='gallery-item'>\n\t\t\t<div class='gallery-icon landscape'>\n\t\t\t\t<a href='https:\/\/ostrowskatv.pl\/?attachment_id=12424'><img loading=\"lazy\" decoding=\"async\" width=\"150\" height=\"150\" src=\"https:\/\/ostrowskatv.pl\/wp-content\/uploads\/2020\/08\/IMG_20200802_151949-01-150x150.jpeg\" class=\"attachment-thumbnail size-thumbnail\" alt=\"\" \/><\/a>\n\t\t\t<\/div><\/figure>\n\t\t<\/div>\n\n","protected":false},"excerpt":{"rendered":"W niedziel\u0119 oko\u0142o godz. 13.40 stra\u017c po\u017carna w Jarocinie zosta\u0142a powiadomiona o wypadku na drodze wojew\u00f3dzkiej pomi\u0119dzy Tarcami, a Lubini\u0105 Ma\u0142\u0105 w powiecie \n<a class=\"moretag\" href=\"https:\/\/ostrowskatv.pl\/?p=12419\"> [...]<\/a>","protected":false},"author":1,"featured_media":12421,"comment_status":"open","ping_status":"closed","sticky":false,"template":"","format":"standard","meta":{"footnotes":""},"categories":[1],"tags":[11],"class_list":["post-12419","post","type-post","status-publish","format-standard","has-post-thumbnail","hentry","category-news","tag-wypadek"],"_links":{"self":[{"href":"https:\/\/ostrowskatv.pl\/index.php?rest_route=\/wp\/v2\/posts\/12419","targetHints":{"allow":["GET"]}}],"collection":[{"href":"https:\/\/ostrowskatv.pl\/index.php?rest_route=\/wp\/v2\/posts"}],"about":[{"href":"https:\/\/ostrowskatv.pl\/index.php?rest_route=\/wp\/v2\/types\/post"}],"author":[{"embeddable":true,"href":"https:\/\/ostrowskatv.pl\/index.php?rest_route=\/wp\/v2\/users\/1"}],"replies":[{"embeddable":true,"href":"https:\/\/ostrowskatv.pl\/index.php?rest_route=%2Fwp%2Fv2%2Fcomments&post=12419"}],"version-history":[{"count":0,"href":"https:\/\/ostrowskatv.pl\/index.php?rest_route=\/wp\/v2\/posts\/12419\/revisions"}],"wp:featuredmedia":[{"embeddable":true,"href":"https:\/\/ostrowskatv.pl\/index.php?rest_route=\/wp\/v2\/media\/12421"}],"wp:attachment":[{"href":"https:\/\/ostrowskatv.pl\/index.php?rest_route=%2Fwp%2Fv2%2Fmedia&parent=12419"}],"wp:term":[{"taxonomy":"category","embeddable":true,"href":"https:\/\/ostrowskatv.pl\/index.php?rest_route=%2Fwp%2Fv2%2Fcategories&post=12419"},{"taxonomy":"post_tag","embeddable":true,"href":"https:\/\/ostrowskatv.pl\/index.php?rest_route=%2Fwp%2Fv2%2Ftags&post=12419"}],"curies":[{"name":"wp","href":"https:\/\/api.w.org\/{rel}","templated":true}]}}