{"id":12412,"date":"2020-07-31T17:08:43","date_gmt":"2020-07-31T16:08:43","guid":{"rendered":"http:\/\/ostrowska.tv\/?p=12412"},"modified":"2020-07-31T18:34:43","modified_gmt":"2020-07-31T17:34:43","slug":"duzy-pozar-pola-we-wtorku","status":"publish","type":"post","link":"https:\/\/ostrowskatv.pl\/?p=12412","title":{"rendered":"Du\u017cy po\u017car pola we Wt\u00f3rku (aktualizacja)"},"content":{"rendered":"<p><strong>W pi\u0105tek przed godzin\u0105 18.00 dosz\u0142o do po\u017caru \u015bcierniska we Wt\u00f3rku przy ul. \u0141\u0105kowej. Ogie\u0144 szybko si\u0119 rozprzestrzenia\u0142. Zagro\u017cone by\u0142y 2 domy.\u00a0<\/strong><\/p>\n<p>Na miejsce wys\u0142ano 7 zast\u0119p\u00f3w stra\u017cy po\u017carnej. Sp\u0142on\u0119\u0142o 2,5 ha \u015bcierniska po zbo\u017cu oraz dwie przyczepy z balotami s\u0142omy<\/p>\n<p>Ogie\u0144 powsta\u0142 od zap\u0142onu s\u0142omy, kt\u00f3ra mia\u0142a kobtskt z rozgrzanymi elementami ci\u0105gnika rolniczego.<\/p>\n<p>Chwil\u0119 wcze\u015bniej pali\u0142 si\u0119 kombajn we Westrzy, a w miejscowo\u015bci Mazury sp\u0142on\u0119\u0142y 3 ha pola.<\/p>\n<div id='gallery-1' class='gallery galleryid-12412 gallery-columns-3 gallery-size-thumbnail'><figure class='gallery-item'>\n\t\t\t<div class='gallery-icon landscape'>\n\t\t\t\t<a href='https:\/\/ostrowskatv.pl\/?attachment_id=12411'><img loading=\"lazy\" decoding=\"async\" width=\"150\" height=\"150\" src=\"https:\/\/ostrowskatv.pl\/wp-content\/uploads\/2020\/07\/Screenshot_20200731_180033_dji.go_.v4-01-150x150.jpeg\" class=\"attachment-thumbnail size-thumbnail\" alt=\"\" \/><\/a>\n\t\t\t<\/div><\/figure><figure class='gallery-item'>\n\t\t\t<div class='gallery-icon landscape'>\n\t\t\t\t<a href='https:\/\/ostrowskatv.pl\/?attachment_id=12410'><img loading=\"lazy\" decoding=\"async\" width=\"150\" height=\"150\" src=\"https:\/\/ostrowskatv.pl\/wp-content\/uploads\/2020\/07\/Screenshot_20200731_180020_dji.go_.v4-01-150x150.jpeg\" class=\"attachment-thumbnail size-thumbnail\" alt=\"\" \/><\/a>\n\t\t\t<\/div><\/figure><figure class='gallery-item'>\n\t\t\t<div class='gallery-icon landscape'>\n\t\t\t\t<a href='https:\/\/ostrowskatv.pl\/?attachment_id=12409'><img loading=\"lazy\" decoding=\"async\" width=\"150\" height=\"150\" src=\"https:\/\/ostrowskatv.pl\/wp-content\/uploads\/2020\/07\/screen_3f6ce9a5b7761670_1596210952000-01-150x150.jpeg\" class=\"attachment-thumbnail size-thumbnail\" alt=\"\" \/><\/a>\n\t\t\t<\/div><\/figure><figure class='gallery-item'>\n\t\t\t<div class='gallery-icon landscape'>\n\t\t\t\t<a href='https:\/\/ostrowskatv.pl\/?attachment_id=12408'><img loading=\"lazy\" decoding=\"async\" width=\"150\" height=\"150\" src=\"https:\/\/ostrowskatv.pl\/wp-content\/uploads\/2020\/07\/Screenshot_20200731_180012_dji.go_.v4-01-150x150.jpeg\" class=\"attachment-thumbnail size-thumbnail\" alt=\"\" \/><\/a>\n\t\t\t<\/div><\/figure><figure class='gallery-item'>\n\t\t\t<div class='gallery-icon landscape'>\n\t\t\t\t<a href='https:\/\/ostrowskatv.pl\/?attachment_id=12407'><img loading=\"lazy\" decoding=\"async\" width=\"150\" height=\"150\" src=\"https:\/\/ostrowskatv.pl\/wp-content\/uploads\/2020\/07\/Screenshot_20200731_175956_dji.go_.v4-01-150x150.jpeg\" class=\"attachment-thumbnail size-thumbnail\" alt=\"\" \/><\/a>\n\t\t\t<\/div><\/figure><figure class='gallery-item'>\n\t\t\t<div class='gallery-icon landscape'>\n\t\t\t\t<a href='https:\/\/ostrowskatv.pl\/?attachment_id=12406'><img loading=\"lazy\" decoding=\"async\" width=\"150\" height=\"150\" src=\"https:\/\/ostrowskatv.pl\/wp-content\/uploads\/2020\/07\/IMG_20200731_174749-01-150x150.jpeg\" class=\"attachment-thumbnail size-thumbnail\" alt=\"\" \/><\/a>\n\t\t\t<\/div><\/figure>\n\t\t<\/div>\n\n","protected":false},"excerpt":{"rendered":"W pi\u0105tek przed godzin\u0105 18.00 dosz\u0142o do po\u017caru \u015bcierniska we Wt\u00f3rku przy ul. \u0141\u0105kowej. Ogie\u0144 szybko si\u0119 rozprzestrzenia\u0142. Zagro\u017cone by\u0142y 2 domy.\u00a0 Na \n<a class=\"moretag\" href=\"https:\/\/ostrowskatv.pl\/?p=12412\"> [...]<\/a>","protected":false},"author":1,"featured_media":12407,"comment_status":"open","ping_status":"closed","sticky":false,"template":"","format":"standard","meta":{"footnotes":""},"categories":[1],"tags":[112],"class_list":["post-12412","post","type-post","status-publish","format-standard","has-post-thumbnail","hentry","category-news","tag-wtorek"],"_links":{"self":[{"href":"https:\/\/ostrowskatv.pl\/index.php?rest_route=\/wp\/v2\/posts\/12412","targetHints":{"allow":["GET"]}}],"collection":[{"href":"https:\/\/ostrowskatv.pl\/index.php?rest_route=\/wp\/v2\/posts"}],"about":[{"href":"https:\/\/ostrowskatv.pl\/index.php?rest_route=\/wp\/v2\/types\/post"}],"author":[{"embeddable":true,"href":"https:\/\/ostrowskatv.pl\/index.php?rest_route=\/wp\/v2\/users\/1"}],"replies":[{"embeddable":true,"href":"https:\/\/ostrowskatv.pl\/index.php?rest_route=%2Fwp%2Fv2%2Fcomments&post=12412"}],"version-history":[{"count":0,"href":"https:\/\/ostrowskatv.pl\/index.php?rest_route=\/wp\/v2\/posts\/12412\/revisions"}],"wp:featuredmedia":[{"embeddable":true,"href":"https:\/\/ostrowskatv.pl\/index.php?rest_route=\/wp\/v2\/media\/12407"}],"wp:attachment":[{"href":"https:\/\/ostrowskatv.pl\/index.php?rest_route=%2Fwp%2Fv2%2Fmedia&parent=12412"}],"wp:term":[{"taxonomy":"category","embeddable":true,"href":"https:\/\/ostrowskatv.pl\/index.php?rest_route=%2Fwp%2Fv2%2Fcategories&post=12412"},{"taxonomy":"post_tag","embeddable":true,"href":"https:\/\/ostrowskatv.pl\/index.php?rest_route=%2Fwp%2Fv2%2Ftags&post=12412"}],"curies":[{"name":"wp","href":"https:\/\/api.w.org\/{rel}","templated":true}]}}