{"id":12390,"date":"2020-07-29T20:05:49","date_gmt":"2020-07-29T19:05:49","guid":{"rendered":"http:\/\/ostrowska.tv\/?p=12390"},"modified":"2020-08-04T14:35:08","modified_gmt":"2020-08-04T13:35:08","slug":"najechanie-na-tyl-na-krotoszynskiej","status":"publish","type":"post","link":"https:\/\/ostrowskatv.pl\/?p=12390","title":{"rendered":"Najechanie na ty\u0142 na Krotoszy\u0144skiej"},"content":{"rendered":"<p><strong>W \u015brodowe popo\u0142udnie dosz\u0142o do zderzenia dw\u00f3ch aut osobowych na ulicy Krotoszy\u0144skiej. Kierowca Forda Focusa wjecha\u0142 w ty\u0142 Opla. Oba auta sczepi\u0142y si\u0119. M\u0119\u017cczyzna jad\u0105c w Oplu uskar\u017ca\u0142 si\u0119 na b\u00f3l w klatce piersiowej, ale nie wezwa\u0142 pomocy medycznej. <\/strong><\/p>\n<p>Na miejsce przyjecha\u0142 syn sprawc\u00f3w, kt\u00f3ry o\u015bwiadczy\u0142, \u017ce jest zawodowym stra\u017cakiem. Poniewa\u017c poszkodowany w kolizji, z Opla, trzyma\u0142 si\u0119 za klatk\u0119 piersiow\u0105, osoba postronna zaproponowa\u0142a mu pomoc.<\/p>\n<div id='gallery-1' class='gallery galleryid-12390 gallery-columns-3 gallery-size-thumbnail'><figure class='gallery-item'>\n\t\t\t<div class='gallery-icon landscape'>\n\t\t\t\t<a href='https:\/\/ostrowskatv.pl\/?attachment_id=12389'><img loading=\"lazy\" decoding=\"async\" width=\"150\" height=\"150\" src=\"https:\/\/ostrowskatv.pl\/wp-content\/uploads\/2020\/07\/IMG_20200729_182808-01-150x150.jpeg\" class=\"attachment-thumbnail size-thumbnail\" alt=\"\" \/><\/a>\n\t\t\t<\/div><\/figure><figure class='gallery-item'>\n\t\t\t<div class='gallery-icon landscape'>\n\t\t\t\t<a href='https:\/\/ostrowskatv.pl\/?attachment_id=12387'><img loading=\"lazy\" decoding=\"async\" width=\"150\" height=\"150\" src=\"https:\/\/ostrowskatv.pl\/wp-content\/uploads\/2020\/07\/IMG_20200729_182114-01-150x150.jpeg\" class=\"attachment-thumbnail size-thumbnail\" alt=\"\" \/><\/a>\n\t\t\t<\/div><\/figure>\n\t\t<\/div>\n\n","protected":false},"excerpt":{"rendered":"W \u015brodowe popo\u0142udnie dosz\u0142o do zderzenia dw\u00f3ch aut osobowych na ulicy Krotoszy\u0144skiej. Kierowca Forda Focusa wjecha\u0142 w ty\u0142 Opla. Oba auta sczepi\u0142y si\u0119. \n<a class=\"moretag\" href=\"https:\/\/ostrowskatv.pl\/?p=12390\"> [...]<\/a>","protected":false},"author":1,"featured_media":12388,"comment_status":"open","ping_status":"closed","sticky":false,"template":"","format":"standard","meta":{"footnotes":""},"categories":[1],"tags":[2],"class_list":["post-12390","post","type-post","status-publish","format-standard","has-post-thumbnail","hentry","category-news","tag-ostrow-wielkopolski"],"_links":{"self":[{"href":"https:\/\/ostrowskatv.pl\/index.php?rest_route=\/wp\/v2\/posts\/12390","targetHints":{"allow":["GET"]}}],"collection":[{"href":"https:\/\/ostrowskatv.pl\/index.php?rest_route=\/wp\/v2\/posts"}],"about":[{"href":"https:\/\/ostrowskatv.pl\/index.php?rest_route=\/wp\/v2\/types\/post"}],"author":[{"embeddable":true,"href":"https:\/\/ostrowskatv.pl\/index.php?rest_route=\/wp\/v2\/users\/1"}],"replies":[{"embeddable":true,"href":"https:\/\/ostrowskatv.pl\/index.php?rest_route=%2Fwp%2Fv2%2Fcomments&post=12390"}],"version-history":[{"count":0,"href":"https:\/\/ostrowskatv.pl\/index.php?rest_route=\/wp\/v2\/posts\/12390\/revisions"}],"wp:featuredmedia":[{"embeddable":true,"href":"https:\/\/ostrowskatv.pl\/index.php?rest_route=\/wp\/v2\/media\/12388"}],"wp:attachment":[{"href":"https:\/\/ostrowskatv.pl\/index.php?rest_route=%2Fwp%2Fv2%2Fmedia&parent=12390"}],"wp:term":[{"taxonomy":"category","embeddable":true,"href":"https:\/\/ostrowskatv.pl\/index.php?rest_route=%2Fwp%2Fv2%2Fcategories&post=12390"},{"taxonomy":"post_tag","embeddable":true,"href":"https:\/\/ostrowskatv.pl\/index.php?rest_route=%2Fwp%2Fv2%2Ftags&post=12390"}],"curies":[{"name":"wp","href":"https:\/\/api.w.org\/{rel}","templated":true}]}}