{"id":12380,"date":"2020-07-27T10:03:44","date_gmt":"2020-07-27T09:03:44","guid":{"rendered":"http:\/\/ostrowska.tv\/?p=12380"},"modified":"2020-07-27T10:13:40","modified_gmt":"2020-07-27T09:13:40","slug":"tajemnicza-smierc-przy-cmentarzu","status":"publish","type":"post","link":"https:\/\/ostrowskatv.pl\/?p=12380","title":{"rendered":"\u015amier\u0107 przy cmentarzu"},"content":{"rendered":"<p><strong>W poniedzia\u0142ek oko\u0142o godz. 7.00 dostrze\u017cono zw\u0142oki le\u017c\u0105ce przy cmentarzu w Wysocku Wielkim. Cia\u0142o le\u017ca\u0142o za wykopem zrobionym pod nowe ogrodzenie cmenatrza.<\/strong><\/p>\n<p>Na miejsce zadysponowano policjant\u00f3w, kt\u00f3rzy zabezpieczyli je. Ustalono, \u017ce oko\u0142o 80-letni m\u0119\u017cczyzna mieszka\u0142 w pobli\u017cu. Lubi\u0142 spacerowa\u0107. Wczoraj jednak nie wr\u00f3ci\u0142 na noc do domu. Lekarz nie stwierdzi\u0142 \u017cadnych podejrzanych obra\u017ce\u0144 mog\u0105cych wskazywa\u0107 na wypadek lub zdarzenie kryminalne. <\/p>\n<div id='gallery-1' class='gallery galleryid-12380 gallery-columns-3 gallery-size-thumbnail'><figure class='gallery-item'>\n\t\t\t<div class='gallery-icon landscape'>\n\t\t\t\t<a href='https:\/\/ostrowskatv.pl\/?attachment_id=12378'><img loading=\"lazy\" decoding=\"async\" width=\"150\" height=\"150\" src=\"https:\/\/ostrowskatv.pl\/wp-content\/uploads\/2020\/07\/IMG_20200727_080828-01-150x150.jpeg\" class=\"attachment-thumbnail size-thumbnail\" alt=\"\" \/><\/a>\n\t\t\t<\/div><\/figure><figure class='gallery-item'>\n\t\t\t<div class='gallery-icon landscape'>\n\t\t\t\t<a href='https:\/\/ostrowskatv.pl\/?attachment_id=12377'><img loading=\"lazy\" decoding=\"async\" width=\"150\" height=\"150\" src=\"https:\/\/ostrowskatv.pl\/wp-content\/uploads\/2020\/07\/IMG_20200727_080832-01-150x150.jpeg\" class=\"attachment-thumbnail size-thumbnail\" alt=\"\" \/><\/a>\n\t\t\t<\/div><\/figure>\n\t\t<\/div>\n\n","protected":false},"excerpt":{"rendered":"W poniedzia\u0142ek oko\u0142o godz. 7.00 dostrze\u017cono zw\u0142oki le\u017c\u0105ce przy cmentarzu w Wysocku Wielkim. Cia\u0142o le\u017ca\u0142o za wykopem zrobionym pod nowe ogrodzenie cmenatrza. Na \n<a class=\"moretag\" href=\"https:\/\/ostrowskatv.pl\/?p=12380\"> [...]<\/a>","protected":false},"author":1,"featured_media":12378,"comment_status":"open","ping_status":"closed","sticky":false,"template":"","format":"standard","meta":{"footnotes":""},"categories":[1],"tags":[99],"class_list":["post-12380","post","type-post","status-publish","format-standard","has-post-thumbnail","hentry","category-news","tag-wysocko-wielkie"],"_links":{"self":[{"href":"https:\/\/ostrowskatv.pl\/index.php?rest_route=\/wp\/v2\/posts\/12380","targetHints":{"allow":["GET"]}}],"collection":[{"href":"https:\/\/ostrowskatv.pl\/index.php?rest_route=\/wp\/v2\/posts"}],"about":[{"href":"https:\/\/ostrowskatv.pl\/index.php?rest_route=\/wp\/v2\/types\/post"}],"author":[{"embeddable":true,"href":"https:\/\/ostrowskatv.pl\/index.php?rest_route=\/wp\/v2\/users\/1"}],"replies":[{"embeddable":true,"href":"https:\/\/ostrowskatv.pl\/index.php?rest_route=%2Fwp%2Fv2%2Fcomments&post=12380"}],"version-history":[{"count":0,"href":"https:\/\/ostrowskatv.pl\/index.php?rest_route=\/wp\/v2\/posts\/12380\/revisions"}],"wp:featuredmedia":[{"embeddable":true,"href":"https:\/\/ostrowskatv.pl\/index.php?rest_route=\/wp\/v2\/media\/12378"}],"wp:attachment":[{"href":"https:\/\/ostrowskatv.pl\/index.php?rest_route=%2Fwp%2Fv2%2Fmedia&parent=12380"}],"wp:term":[{"taxonomy":"category","embeddable":true,"href":"https:\/\/ostrowskatv.pl\/index.php?rest_route=%2Fwp%2Fv2%2Fcategories&post=12380"},{"taxonomy":"post_tag","embeddable":true,"href":"https:\/\/ostrowskatv.pl\/index.php?rest_route=%2Fwp%2Fv2%2Ftags&post=12380"}],"curies":[{"name":"wp","href":"https:\/\/api.w.org\/{rel}","templated":true}]}}