{"id":12347,"date":"2020-07-22T16:14:35","date_gmt":"2020-07-22T15:14:35","guid":{"rendered":"http:\/\/ostrowska.tv\/?p=12347"},"modified":"2020-07-22T16:15:38","modified_gmt":"2020-07-22T15:15:38","slug":"2-dzieci-i-ciezarna-poszkodowani-w-wypadku-busa-z-kombajnem","status":"publish","type":"post","link":"https:\/\/ostrowskatv.pl\/?p=12347","title":{"rendered":"2 dzieci i ci\u0119\u017carna poszkodowani w wypadku busa z kombajnem"},"content":{"rendered":"<p><strong>Przed godzin\u0105 15.00 na drodze wojew\u00f3dzkiej pomi\u0119dzy Kaliszem, a Turkiem w miejscowo\u015bci Plewnia dosz\u0142o do zderzenia kombajnu z busem. Kombajnem podr\u00f3\u017cowa\u0142 1 m\u0119\u017cczyzna, a busem 5 os\u00f3b, w tym 3 dzieci, kobieta w ci\u0105\u017cy i m\u0119\u017cczyzna.<\/strong> <\/p>\n<p>Do szpitala zabrano dw\u00f3jk\u0119 dzieci i kobiet\u0119 w ci\u0105\u017cy. Po wypadku osoby same opu\u015bci\u0142y pojazdy.<\/p>\n<p>Ze wst\u0119pnych ustale\u0144 wynika\u0142o z\u0142amanie ko\u0144czyny g\u00f3rnej u ch\u0142opca i powa\u017cne st\u0142uczenie nogi u dziewczynki i og\u00f3lne pot\u0142uczenia u ci\u0119\u017carnej kobiety.<br \/>\nNa miejscu dzia\u0142a\u0142o 5 zast\u0119p\u00f3w stra\u017cy po\u017carnej oraz 3 karetki pogotowia.<\/p>\n<div id='gallery-1' class='gallery galleryid-12347 gallery-columns-3 gallery-size-thumbnail'><figure class='gallery-item'>\n\t\t\t<div class='gallery-icon landscape'>\n\t\t\t\t<a href='https:\/\/ostrowskatv.pl\/?attachment_id=12348'><img loading=\"lazy\" decoding=\"async\" width=\"150\" height=\"150\" src=\"https:\/\/ostrowskatv.pl\/wp-content\/uploads\/2020\/07\/IMG_20200722_161726-01-1-150x150.jpeg\" class=\"attachment-thumbnail size-thumbnail\" alt=\"\" \/><\/a>\n\t\t\t<\/div><\/figure><figure class='gallery-item'>\n\t\t\t<div class='gallery-icon landscape'>\n\t\t\t\t<a href='https:\/\/ostrowskatv.pl\/?attachment_id=12349'><img loading=\"lazy\" decoding=\"async\" width=\"150\" height=\"150\" src=\"https:\/\/ostrowskatv.pl\/wp-content\/uploads\/2020\/07\/IMG_20200722_161733-01-1-150x150.jpeg\" class=\"attachment-thumbnail size-thumbnail\" alt=\"\" \/><\/a>\n\t\t\t<\/div><\/figure>\n\t\t<\/div>\n\n","protected":false},"excerpt":{"rendered":"Przed godzin\u0105 15.00 na drodze wojew\u00f3dzkiej pomi\u0119dzy Kaliszem, a Turkiem w miejscowo\u015bci Plewnia dosz\u0142o do zderzenia kombajnu z busem. Kombajnem podr\u00f3\u017cowa\u0142 1 m\u0119\u017cczyzna, \n<a class=\"moretag\" href=\"https:\/\/ostrowskatv.pl\/?p=12347\"> [...]<\/a>","protected":false},"author":1,"featured_media":12349,"comment_status":"open","ping_status":"closed","sticky":false,"template":"","format":"standard","meta":{"footnotes":""},"categories":[1],"tags":[11],"class_list":["post-12347","post","type-post","status-publish","format-standard","has-post-thumbnail","hentry","category-news","tag-wypadek"],"_links":{"self":[{"href":"https:\/\/ostrowskatv.pl\/index.php?rest_route=\/wp\/v2\/posts\/12347","targetHints":{"allow":["GET"]}}],"collection":[{"href":"https:\/\/ostrowskatv.pl\/index.php?rest_route=\/wp\/v2\/posts"}],"about":[{"href":"https:\/\/ostrowskatv.pl\/index.php?rest_route=\/wp\/v2\/types\/post"}],"author":[{"embeddable":true,"href":"https:\/\/ostrowskatv.pl\/index.php?rest_route=\/wp\/v2\/users\/1"}],"replies":[{"embeddable":true,"href":"https:\/\/ostrowskatv.pl\/index.php?rest_route=%2Fwp%2Fv2%2Fcomments&post=12347"}],"version-history":[{"count":0,"href":"https:\/\/ostrowskatv.pl\/index.php?rest_route=\/wp\/v2\/posts\/12347\/revisions"}],"wp:featuredmedia":[{"embeddable":true,"href":"https:\/\/ostrowskatv.pl\/index.php?rest_route=\/wp\/v2\/media\/12349"}],"wp:attachment":[{"href":"https:\/\/ostrowskatv.pl\/index.php?rest_route=%2Fwp%2Fv2%2Fmedia&parent=12347"}],"wp:term":[{"taxonomy":"category","embeddable":true,"href":"https:\/\/ostrowskatv.pl\/index.php?rest_route=%2Fwp%2Fv2%2Fcategories&post=12347"},{"taxonomy":"post_tag","embeddable":true,"href":"https:\/\/ostrowskatv.pl\/index.php?rest_route=%2Fwp%2Fv2%2Ftags&post=12347"}],"curies":[{"name":"wp","href":"https:\/\/api.w.org\/{rel}","templated":true}]}}