{"id":12341,"date":"2020-07-22T13:48:16","date_gmt":"2020-07-22T12:48:16","guid":{"rendered":"http:\/\/ostrowska.tv\/?p=12341"},"modified":"2020-07-22T13:51:47","modified_gmt":"2020-07-22T12:51:47","slug":"12341","status":"publish","type":"post","link":"https:\/\/ostrowskatv.pl\/?p=12341","title":{"rendered":"Czy ryby odczuwaj\u0105 b\u00f3l? S\u0105d przes\u0142ucha\u0142 bieg\u0142ego"},"content":{"rendered":"<p><strong>W S\u0105dzie Okr\u0119gowym w Kaliszu odby\u0142a si\u0119 rozprawa apelacyjna w zwi\u0105zku z wyrokiem uznaj\u0105cym win\u0119 m\u0119\u017cczyzny, kt\u00f3ry na targowisku w Krotoszynie za pomoc\u0105 gilotyny u\u015bmierca\u0142 karpie. Dzi\u015b S\u0105d wezwa\u0142 bieg\u0142ego, kt\u00f3ry wyda\u0142 opini\u0119 wskazuj\u0105c\u0105, \u017ce karpie b\u00f3lu nie odczuwaj\u0105.<\/strong><\/p>\n<p>Podczas godzinnego przes\u0142uchania bieg\u0142ego mo\u017cna by\u0142o si\u0119 dowiedzie\u0107, \u017ce w 2014 roku nast\u0105pi\u0142 zwrot w publikacjach naukowych. Zdaniem bieg\u0142ego od tego roku w wi\u0119kszo\u015bci prac naukowych mia\u0142 by\u0107 prezentowany pogl\u0105d, \u017ce ryby nie odczuwaj\u0105 b\u00f3lu. <\/p>\n<p>Pe\u0142nomocnik fundacji Viva! jako oskar\u017cyciel posi\u0142kowy zauwa\u017cy\u0142, \u017ce bieg\u0142y cho\u0107 zna\u0142 tak\u017ce odmienne opinie w \u015brodowisku naukowym, nie skonfrontowa\u0142 ich w spos\u00f3b bezpo\u015bredni. Mecenas Topczewska zawnioskowa\u0142a o nowego bieg\u0142ego, ale s\u0105d ten wniosek odrzuci\u0142.<br \/>\nPodkre\u015bli\u0142a tak\u017ce, \u017ce obecny bieg\u0142y prowadzi szkolenia dla hodowc\u00f3w karpii.<\/p>\n<p>Poniewa\u017c bieg\u0142y dzisiaj rano z\u0142o\u017cy\u0142 pismo w biurze podawczym s\u0105du, strony chcia\u0142yby si\u0119 z nim zapozna\u0107 i ustosunkowa\u0107.<\/p>\n<p>Dlatego kolejne posiedzenie s\u0105du odb\u0119dzie si\u0119 4 sierpnia 2020 r.<\/p>\n<p>Sprzedawca karpii nie by\u0142 obecny na posiedzeniu s\u0105du. Pojawi\u0142 si\u0119 jego obro\u0144ca. <\/p>\n<div id='gallery-1' class='gallery galleryid-12341 gallery-columns-3 gallery-size-thumbnail'><figure class='gallery-item'>\n\t\t\t<div class='gallery-icon landscape'>\n\t\t\t\t<a href='https:\/\/ostrowskatv.pl\/?attachment_id=12340'><img loading=\"lazy\" decoding=\"async\" width=\"150\" height=\"150\" src=\"https:\/\/ostrowskatv.pl\/wp-content\/uploads\/2020\/07\/IMG_20200722_110822-01-150x150.jpeg\" class=\"attachment-thumbnail size-thumbnail\" alt=\"\" \/><\/a>\n\t\t\t<\/div><\/figure><figure class='gallery-item'>\n\t\t\t<div class='gallery-icon landscape'>\n\t\t\t\t<a href='https:\/\/ostrowskatv.pl\/?attachment_id=12339'><img loading=\"lazy\" decoding=\"async\" width=\"150\" height=\"150\" src=\"https:\/\/ostrowskatv.pl\/wp-content\/uploads\/2020\/07\/IMG_20200722_110648-01-150x150.jpeg\" class=\"attachment-thumbnail size-thumbnail\" alt=\"\" \/><\/a>\n\t\t\t<\/div><\/figure><figure class='gallery-item'>\n\t\t\t<div class='gallery-icon landscape'>\n\t\t\t\t<a href='https:\/\/ostrowskatv.pl\/?attachment_id=12338'><img loading=\"lazy\" decoding=\"async\" width=\"150\" height=\"150\" src=\"https:\/\/ostrowskatv.pl\/wp-content\/uploads\/2020\/07\/IMG_20200722_110458-01-150x150.jpeg\" class=\"attachment-thumbnail size-thumbnail\" alt=\"\" \/><\/a>\n\t\t\t<\/div><\/figure>\n\t\t<\/div>\n\n","protected":false},"excerpt":{"rendered":"W S\u0105dzie Okr\u0119gowym w Kaliszu odby\u0142a si\u0119 rozprawa apelacyjna w zwi\u0105zku z wyrokiem uznaj\u0105cym win\u0119 m\u0119\u017cczyzny, kt\u00f3ry na targowisku w Krotoszynie za pomoc\u0105 \n<a class=\"moretag\" href=\"https:\/\/ostrowskatv.pl\/?p=12341\"> [...]<\/a>","protected":false},"author":1,"featured_media":12340,"comment_status":"open","ping_status":"closed","sticky":false,"template":"","format":"standard","meta":{"footnotes":""},"categories":[1],"tags":[52],"class_list":["post-12341","post","type-post","status-publish","format-standard","has-post-thumbnail","hentry","category-news","tag-sad"],"_links":{"self":[{"href":"https:\/\/ostrowskatv.pl\/index.php?rest_route=\/wp\/v2\/posts\/12341","targetHints":{"allow":["GET"]}}],"collection":[{"href":"https:\/\/ostrowskatv.pl\/index.php?rest_route=\/wp\/v2\/posts"}],"about":[{"href":"https:\/\/ostrowskatv.pl\/index.php?rest_route=\/wp\/v2\/types\/post"}],"author":[{"embeddable":true,"href":"https:\/\/ostrowskatv.pl\/index.php?rest_route=\/wp\/v2\/users\/1"}],"replies":[{"embeddable":true,"href":"https:\/\/ostrowskatv.pl\/index.php?rest_route=%2Fwp%2Fv2%2Fcomments&post=12341"}],"version-history":[{"count":0,"href":"https:\/\/ostrowskatv.pl\/index.php?rest_route=\/wp\/v2\/posts\/12341\/revisions"}],"wp:featuredmedia":[{"embeddable":true,"href":"https:\/\/ostrowskatv.pl\/index.php?rest_route=\/wp\/v2\/media\/12340"}],"wp:attachment":[{"href":"https:\/\/ostrowskatv.pl\/index.php?rest_route=%2Fwp%2Fv2%2Fmedia&parent=12341"}],"wp:term":[{"taxonomy":"category","embeddable":true,"href":"https:\/\/ostrowskatv.pl\/index.php?rest_route=%2Fwp%2Fv2%2Fcategories&post=12341"},{"taxonomy":"post_tag","embeddable":true,"href":"https:\/\/ostrowskatv.pl\/index.php?rest_route=%2Fwp%2Fv2%2Ftags&post=12341"}],"curies":[{"name":"wp","href":"https:\/\/api.w.org\/{rel}","templated":true}]}}