{"id":12317,"date":"2020-07-21T09:05:24","date_gmt":"2020-07-21T08:05:24","guid":{"rendered":"http:\/\/ostrowska.tv\/?p=12317"},"modified":"2020-07-21T09:06:49","modified_gmt":"2020-07-21T08:06:49","slug":"12317","status":"publish","type":"post","link":"https:\/\/ostrowskatv.pl\/?p=12317","title":{"rendered":"70-latek odnaleziony przez psa ratownika"},"content":{"rendered":"<p><strong>W dniu 20 lipca 2020r. po godzinie 15:00 zespo\u0142y grupy Szukamy i Ratujemy uda\u0142y sie\u0328 na poszukiwania 70-letniego me\u0328z\u0307czyzny do Ostrzeszowa. M\u0119\u017cczyzna przez ponad dob\u0119 nie wraca\u0142 do domu, a z powodu choroby musi przyjmowa\u0107 leki. Na miejscu dzia\u0142a\u0142a ju\u017c ostrzeszowska policja i zast\u0119py Ochotniczych Stra\u017cy Po\u017carnej.<\/strong><\/p>\n<p>Cz\u0142onkowie Grupy Poszukiwawczo-Ratowniczej SiR przeprowadzili wywiad z cz\u0142onkami rodziny w miejscu zamieszkania zaginionego, z kto\u0301rego wynika\u0142o, z\u0307e m\u0119\u017cczyzna wyszed\u0142 z domu w niedziele\u0328 rano, choruje i musi przyjmowa\u0107 na sta\u0142e leki.<\/p>\n<p>Podje\u0328to decyzje\u0328 o uruchomieniu w trybie alarmowym Mobilnego Centrum Koordynacji Poszukiwa\u0144 SiR-01.<\/p>\n<p>W terenie dzia\u0142a\u0142o szes\u0301c\u0301 grup. Sukcesywnie do dzia\u0142a\u0144 w\u0142\u0105czone zosta\u0142y 3 drony, kto\u0301re sprawdza\u0142y du\u017ce otwarte przestrzenie oraz<br \/>\nzespo\u0301\u0142 z psem ratowniczym 1 klasy terenowej Pan\u0301stwowej Stra\u017cy Po\u017carnej &#8211; Orestem.<\/p>\n<p>Do godziny 19:50 zosta\u0142y sprawdzone 190 ha powierzchni z ziemi oraz powietrza. W\u00f3wczas zapad\u0142a decyzja o ponownym wyj\u015bciu w teren grupy z psem.<\/p>\n<p>O godzinie 20:29 nawigator grupy zg\u0142osi\u0142 do sztabu szczekanie psa ratowniczego. Szczekanie oznacza odnalezienie osoby zaginionej. Po<br \/>\nwej\u015bciu w g\u0142\u0105b pola kukurydzy &#8211; 45 metr\u00f3w od polnej \u015bcie\u017cki ukaza\u0142 si\u0119 zespo\u0142owi zaginiony.<\/p>\n<p>O godz. 20:30 zosta\u0142 w\u0142\u0105czony system wzywania pomocy, a na miejsce zosta\u0142y skierowane inne zespo\u0142y.<\/p>\n<p>M\u0119\u017cczyzna nie potrafi\u0142 wyja\u015bni\u0107 swojego post\u0119powania, ale wydawa\u0142 si\u0119 by\u0107 \u015bwiadomy sytuacji. Zdenerwowanej ca\u0142\u0105 sytuacj\u0105 \u017conie przekaza\u0142, \u017ce przez ca\u0142y czas mia\u0142 przy sobie leki. Jeszcze przed odnalezieniem w trakcie analizy obrazu z drona dostrze\u017cono sylwetk\u0119 najprawdopodobniej zaginionego, kt\u00f3ry przemieszcza\u0142 si\u0119. Na widok drona wszed\u0142 w pole kukurydzy i szed\u0142 w stron\u0119 domu. Miejsce odnalezienia znajduje si\u0119 oko\u0142o 100 metr\u00f3w od jego domu.<\/p>\n<div id='gallery-1' class='gallery galleryid-12317 gallery-columns-3 gallery-size-thumbnail'><figure class='gallery-item'>\n\t\t\t<div class='gallery-icon landscape'>\n\t\t\t\t<a href='https:\/\/ostrowskatv.pl\/?attachment_id=12318'><img loading=\"lazy\" decoding=\"async\" width=\"150\" height=\"150\" src=\"https:\/\/ostrowskatv.pl\/wp-content\/uploads\/2020\/07\/109922468_793151011223144_5609525325755622761_n-150x150.jpg\" class=\"attachment-thumbnail size-thumbnail\" alt=\"\" \/><\/a>\n\t\t\t<\/div><\/figure><figure class='gallery-item'>\n\t\t\t<div class='gallery-icon landscape'>\n\t\t\t\t<a href='https:\/\/ostrowskatv.pl\/?attachment_id=12319'><img loading=\"lazy\" decoding=\"async\" width=\"150\" height=\"150\" src=\"https:\/\/ostrowskatv.pl\/wp-content\/uploads\/2020\/07\/109922453_719473805264711_851086957813491851_n-150x150.jpg\" class=\"attachment-thumbnail size-thumbnail\" alt=\"\" \/><\/a>\n\t\t\t<\/div><\/figure><figure class='gallery-item'>\n\t\t\t<div class='gallery-icon landscape'>\n\t\t\t\t<a href='https:\/\/ostrowskatv.pl\/?attachment_id=12320'><img loading=\"lazy\" decoding=\"async\" width=\"150\" height=\"150\" src=\"https:\/\/ostrowskatv.pl\/wp-content\/uploads\/2020\/07\/109803649_367398477562548_5471466523082175569_n-150x150.jpg\" class=\"attachment-thumbnail size-thumbnail\" alt=\"\" \/><\/a>\n\t\t\t<\/div><\/figure><figure class='gallery-item'>\n\t\t\t<div class='gallery-icon landscape'>\n\t\t\t\t<a href='https:\/\/ostrowskatv.pl\/?attachment_id=12321'><img loading=\"lazy\" decoding=\"async\" width=\"150\" height=\"150\" src=\"https:\/\/ostrowskatv.pl\/wp-content\/uploads\/2020\/07\/109824218_329286574748459_4710077219513328213_n-150x150.jpg\" class=\"attachment-thumbnail size-thumbnail\" alt=\"\" \/><\/a>\n\t\t\t<\/div><\/figure><figure class='gallery-item'>\n\t\t\t<div class='gallery-icon landscape'>\n\t\t\t\t<a href='https:\/\/ostrowskatv.pl\/?attachment_id=12325'><img loading=\"lazy\" decoding=\"async\" width=\"150\" height=\"150\" src=\"https:\/\/ostrowskatv.pl\/wp-content\/uploads\/2020\/07\/IMG_20200720_203128-01-150x150.jpeg\" class=\"attachment-thumbnail size-thumbnail\" alt=\"\" \/><\/a>\n\t\t\t<\/div><\/figure><figure class='gallery-item'>\n\t\t\t<div class='gallery-icon landscape'>\n\t\t\t\t<a href='https:\/\/ostrowskatv.pl\/?attachment_id=12324'><img loading=\"lazy\" decoding=\"async\" width=\"150\" height=\"150\" src=\"https:\/\/ostrowskatv.pl\/wp-content\/uploads\/2020\/07\/IMG_20200720_192830-01-150x150.jpeg\" class=\"attachment-thumbnail size-thumbnail\" alt=\"\" \/><\/a>\n\t\t\t<\/div><\/figure><figure class='gallery-item'>\n\t\t\t<div class='gallery-icon landscape'>\n\t\t\t\t<a href='https:\/\/ostrowskatv.pl\/?attachment_id=12323'><img loading=\"lazy\" decoding=\"async\" width=\"150\" height=\"150\" src=\"https:\/\/ostrowskatv.pl\/wp-content\/uploads\/2020\/07\/IMG_20200720_192736-01-150x150.jpeg\" class=\"attachment-thumbnail size-thumbnail\" alt=\"\" \/><\/a>\n\t\t\t<\/div><\/figure><figure class='gallery-item'>\n\t\t\t<div class='gallery-icon landscape'>\n\t\t\t\t<a href='https:\/\/ostrowskatv.pl\/?attachment_id=12322'><img loading=\"lazy\" decoding=\"async\" width=\"150\" height=\"150\" src=\"https:\/\/ostrowskatv.pl\/wp-content\/uploads\/2020\/07\/IMG_20200720_190639-01-150x150.jpeg\" class=\"attachment-thumbnail size-thumbnail\" alt=\"\" \/><\/a>\n\t\t\t<\/div><\/figure>\n\t\t<\/div>\n\n<p>\u0141a\u0328cznie w dzia\u0142aniach udzia\u0142 wzi\u0119\u0142o ponad 50 oso\u0301b.<\/p>\n<p>-KPP Ostrzesz\u00f3w,<br \/>\n-PSP Ostrzesz\u00f3w,<br \/>\n-OSP Szklarka Mys\u0301lniewska,<br \/>\n-OSP Ostrzesz\u00f3w,<br \/>\n-OSP Siedliko\u0301w<br \/>\n-ratownikom, planistom GPR SiR (Mobilne Centrum Koordynacji Poszukiwan\u0301, pojazd operacyjny), dziennikarz-wolontariusz.<\/p>\n","protected":false},"excerpt":{"rendered":"W dniu 20 lipca 2020r. po godzinie 15:00 zespo\u0142y grupy Szukamy i Ratujemy uda\u0142y sie\u0328 na poszukiwania 70-letniego me\u0328z\u0307czyzny do Ostrzeszowa. M\u0119\u017cczyzna przez \n<a class=\"moretag\" href=\"https:\/\/ostrowskatv.pl\/?p=12317\"> [...]<\/a>","protected":false},"author":1,"featured_media":12325,"comment_status":"open","ping_status":"closed","sticky":false,"template":"","format":"standard","meta":{"footnotes":""},"categories":[1],"tags":[201],"class_list":["post-12317","post","type-post","status-publish","format-standard","has-post-thumbnail","hentry","category-news","tag-zaginiony"],"_links":{"self":[{"href":"https:\/\/ostrowskatv.pl\/index.php?rest_route=\/wp\/v2\/posts\/12317","targetHints":{"allow":["GET"]}}],"collection":[{"href":"https:\/\/ostrowskatv.pl\/index.php?rest_route=\/wp\/v2\/posts"}],"about":[{"href":"https:\/\/ostrowskatv.pl\/index.php?rest_route=\/wp\/v2\/types\/post"}],"author":[{"embeddable":true,"href":"https:\/\/ostrowskatv.pl\/index.php?rest_route=\/wp\/v2\/users\/1"}],"replies":[{"embeddable":true,"href":"https:\/\/ostrowskatv.pl\/index.php?rest_route=%2Fwp%2Fv2%2Fcomments&post=12317"}],"version-history":[{"count":0,"href":"https:\/\/ostrowskatv.pl\/index.php?rest_route=\/wp\/v2\/posts\/12317\/revisions"}],"wp:featuredmedia":[{"embeddable":true,"href":"https:\/\/ostrowskatv.pl\/index.php?rest_route=\/wp\/v2\/media\/12325"}],"wp:attachment":[{"href":"https:\/\/ostrowskatv.pl\/index.php?rest_route=%2Fwp%2Fv2%2Fmedia&parent=12317"}],"wp:term":[{"taxonomy":"category","embeddable":true,"href":"https:\/\/ostrowskatv.pl\/index.php?rest_route=%2Fwp%2Fv2%2Fcategories&post=12317"},{"taxonomy":"post_tag","embeddable":true,"href":"https:\/\/ostrowskatv.pl\/index.php?rest_route=%2Fwp%2Fv2%2Ftags&post=12317"}],"curies":[{"name":"wp","href":"https:\/\/api.w.org\/{rel}","templated":true}]}}