{"id":12315,"date":"2020-07-20T15:59:07","date_gmt":"2020-07-20T14:59:07","guid":{"rendered":"http:\/\/ostrowska.tv\/?p=12315"},"modified":"2020-07-20T15:59:07","modified_gmt":"2020-07-20T14:59:07","slug":"wypadek-szybowca-podczas-mistrzostw-polski","status":"publish","type":"post","link":"https:\/\/ostrowskatv.pl\/?p=12315","title":{"rendered":"Wypadek szybowca podczas Mistrzostw Polski"},"content":{"rendered":"<p><strong>Jeden z zawodnik\u00f3w Szybowcowych Mistrzostw Polski organizowanych przez aeroklub w Micha\u0142kowie mia\u0142 wypadek ko\u0142o Ostrzeszowa. Z uwagi na trudne warunki atmosferyczne podszed\u0142 do awaryjnego l\u0105dowania na przydro\u017cnym polu. Szybowiec zary\u0142 czubkiem w pole i przekozio\u0142kowa\u0142. Zatrzyma\u0142 si\u0119 b\u0119d\u0105c odwr\u00f3conym o 180 stopni.<\/strong><\/p>\n<p>Pilot uzna\u0142 g\u0142\u00f3wnie urazu g\u0142owy. Zabrano go do szpitala w Ostrzeszowie. Do zdarzenia dosz\u0142o oko\u0142o godz. 15.30 ko\u0142o miejscowo\u015bci Bukownica.<\/p>\n<div id='gallery-1' class='gallery galleryid-12315 gallery-columns-3 gallery-size-thumbnail'><figure class='gallery-item'>\n\t\t\t<div class='gallery-icon landscape'>\n\t\t\t\t<a href='https:\/\/ostrowskatv.pl\/?attachment_id=12314'><img loading=\"lazy\" decoding=\"async\" width=\"150\" height=\"150\" src=\"https:\/\/ostrowskatv.pl\/wp-content\/uploads\/2020\/07\/IMG_20200720_163817-01-150x150.jpeg\" class=\"attachment-thumbnail size-thumbnail\" alt=\"\" \/><\/a>\n\t\t\t<\/div><\/figure><figure class='gallery-item'>\n\t\t\t<div class='gallery-icon landscape'>\n\t\t\t\t<a href='https:\/\/ostrowskatv.pl\/?attachment_id=12313'><img loading=\"lazy\" decoding=\"async\" width=\"150\" height=\"150\" src=\"https:\/\/ostrowskatv.pl\/wp-content\/uploads\/2020\/07\/IMG_20200720_163407-01-150x150.jpeg\" class=\"attachment-thumbnail size-thumbnail\" alt=\"\" \/><\/a>\n\t\t\t<\/div><\/figure><figure class='gallery-item'>\n\t\t\t<div class='gallery-icon landscape'>\n\t\t\t\t<a href='https:\/\/ostrowskatv.pl\/?attachment_id=12312'><img loading=\"lazy\" decoding=\"async\" width=\"150\" height=\"150\" src=\"https:\/\/ostrowskatv.pl\/wp-content\/uploads\/2020\/07\/IMG_20200720_163403-01-150x150.jpeg\" class=\"attachment-thumbnail size-thumbnail\" alt=\"\" \/><\/a>\n\t\t\t<\/div><\/figure><figure class='gallery-item'>\n\t\t\t<div class='gallery-icon landscape'>\n\t\t\t\t<a href='https:\/\/ostrowskatv.pl\/?attachment_id=12311'><img loading=\"lazy\" decoding=\"async\" width=\"150\" height=\"150\" src=\"https:\/\/ostrowskatv.pl\/wp-content\/uploads\/2020\/07\/IMG_20200720_162901-01-150x150.jpeg\" class=\"attachment-thumbnail size-thumbnail\" alt=\"\" \/><\/a>\n\t\t\t<\/div><\/figure>\n\t\t<\/div>\n\n","protected":false},"excerpt":{"rendered":"Jeden z zawodnik\u00f3w Szybowcowych Mistrzostw Polski organizowanych przez aeroklub w Micha\u0142kowie mia\u0142 wypadek ko\u0142o Ostrzeszowa. Z uwagi na trudne warunki atmosferyczne podszed\u0142 do \n<a class=\"moretag\" href=\"https:\/\/ostrowskatv.pl\/?p=12315\"> [...]<\/a>","protected":false},"author":1,"featured_media":12313,"comment_status":"open","ping_status":"closed","sticky":false,"template":"","format":"standard","meta":{"footnotes":""},"categories":[1],"tags":[11],"class_list":["post-12315","post","type-post","status-publish","format-standard","has-post-thumbnail","hentry","category-news","tag-wypadek"],"_links":{"self":[{"href":"https:\/\/ostrowskatv.pl\/index.php?rest_route=\/wp\/v2\/posts\/12315","targetHints":{"allow":["GET"]}}],"collection":[{"href":"https:\/\/ostrowskatv.pl\/index.php?rest_route=\/wp\/v2\/posts"}],"about":[{"href":"https:\/\/ostrowskatv.pl\/index.php?rest_route=\/wp\/v2\/types\/post"}],"author":[{"embeddable":true,"href":"https:\/\/ostrowskatv.pl\/index.php?rest_route=\/wp\/v2\/users\/1"}],"replies":[{"embeddable":true,"href":"https:\/\/ostrowskatv.pl\/index.php?rest_route=%2Fwp%2Fv2%2Fcomments&post=12315"}],"version-history":[{"count":0,"href":"https:\/\/ostrowskatv.pl\/index.php?rest_route=\/wp\/v2\/posts\/12315\/revisions"}],"wp:featuredmedia":[{"embeddable":true,"href":"https:\/\/ostrowskatv.pl\/index.php?rest_route=\/wp\/v2\/media\/12313"}],"wp:attachment":[{"href":"https:\/\/ostrowskatv.pl\/index.php?rest_route=%2Fwp%2Fv2%2Fmedia&parent=12315"}],"wp:term":[{"taxonomy":"category","embeddable":true,"href":"https:\/\/ostrowskatv.pl\/index.php?rest_route=%2Fwp%2Fv2%2Fcategories&post=12315"},{"taxonomy":"post_tag","embeddable":true,"href":"https:\/\/ostrowskatv.pl\/index.php?rest_route=%2Fwp%2Fv2%2Ftags&post=12315"}],"curies":[{"name":"wp","href":"https:\/\/api.w.org\/{rel}","templated":true}]}}