{"id":12308,"date":"2020-07-19T18:12:59","date_gmt":"2020-07-19T17:12:59","guid":{"rendered":"http:\/\/ostrowska.tv\/?p=12308"},"modified":"2020-07-19T18:12:59","modified_gmt":"2020-07-19T17:12:59","slug":"volkswagenem-zajechal-droge-motocykliscie-na-rondzie-bankowym-wideo","status":"publish","type":"post","link":"https:\/\/ostrowskatv.pl\/?p=12308","title":{"rendered":"Volkswagenem zajecha\u0142 drog\u0119 motocykli\u015bcie na Rondzie Bankowym (wideo)"},"content":{"rendered":"<p><strong>Do gro\u017anie wygl\u0105daj\u0105cego zdarzenia dosz\u0142o na Rondzie Bankowym o godz. 16.29. Kierowca Volkswagena Golfa wyje\u017cd\u017caj\u0105c od strony II Liceum Og\u00f3lnokszta\u0142c\u0105cego zajecha\u0142 drog\u0119 motocykli\u015bcie. Ten wykona\u0142 manewr obronny w postaci u\u015blizgu. Kierowca osob\u00f3wki odjecha\u0142 i chwilowo nie poni\u00f3s\u0142 konsekwencji za sw\u00f3j niegodziwy czyn. Nie mia\u0142 odwagi wzi\u0105\u0107 na klat\u0119 zagro\u017cenia, kt\u00f3re spowodowa\u0142.<\/strong><\/p>\n<p><iframe loading=\"lazy\" title=\"Volkswagenem wymusi\u0142 pierwsze\u0144stwo motocykli\u015bcie - Rondo Bankowe\" width=\"747\" height=\"420\" src=\"https:\/\/www.youtube.com\/embed\/e3vCRzfPrSM?feature=oembed\" frameborder=\"0\" allow=\"accelerometer; autoplay; clipboard-write; encrypted-media; gyroscope; picture-in-picture; web-share\" referrerpolicy=\"strict-origin-when-cross-origin\" allowfullscreen><\/iframe><\/p>\n","protected":false},"excerpt":{"rendered":"Do gro\u017anie wygl\u0105daj\u0105cego zdarzenia dosz\u0142o na Rondzie Bankowym o godz. 16.29. Kierowca Volkswagena Golfa wyje\u017cd\u017caj\u0105c od strony II Liceum Og\u00f3lnokszta\u0142c\u0105cego zajecha\u0142 drog\u0119 motocykli\u015bcie. \n<a class=\"moretag\" href=\"https:\/\/ostrowskatv.pl\/?p=12308\"> [...]<\/a>","protected":false},"author":1,"featured_media":12309,"comment_status":"open","ping_status":"closed","sticky":false,"template":"","format":"standard","meta":{"footnotes":""},"categories":[1],"tags":[2],"class_list":["post-12308","post","type-post","status-publish","format-standard","has-post-thumbnail","hentry","category-news","tag-ostrow-wielkopolski"],"_links":{"self":[{"href":"https:\/\/ostrowskatv.pl\/index.php?rest_route=\/wp\/v2\/posts\/12308","targetHints":{"allow":["GET"]}}],"collection":[{"href":"https:\/\/ostrowskatv.pl\/index.php?rest_route=\/wp\/v2\/posts"}],"about":[{"href":"https:\/\/ostrowskatv.pl\/index.php?rest_route=\/wp\/v2\/types\/post"}],"author":[{"embeddable":true,"href":"https:\/\/ostrowskatv.pl\/index.php?rest_route=\/wp\/v2\/users\/1"}],"replies":[{"embeddable":true,"href":"https:\/\/ostrowskatv.pl\/index.php?rest_route=%2Fwp%2Fv2%2Fcomments&post=12308"}],"version-history":[{"count":0,"href":"https:\/\/ostrowskatv.pl\/index.php?rest_route=\/wp\/v2\/posts\/12308\/revisions"}],"wp:featuredmedia":[{"embeddable":true,"href":"https:\/\/ostrowskatv.pl\/index.php?rest_route=\/wp\/v2\/media\/12309"}],"wp:attachment":[{"href":"https:\/\/ostrowskatv.pl\/index.php?rest_route=%2Fwp%2Fv2%2Fmedia&parent=12308"}],"wp:term":[{"taxonomy":"category","embeddable":true,"href":"https:\/\/ostrowskatv.pl\/index.php?rest_route=%2Fwp%2Fv2%2Fcategories&post=12308"},{"taxonomy":"post_tag","embeddable":true,"href":"https:\/\/ostrowskatv.pl\/index.php?rest_route=%2Fwp%2Fv2%2Ftags&post=12308"}],"curies":[{"name":"wp","href":"https:\/\/api.w.org\/{rel}","templated":true}]}}