{"id":12305,"date":"2020-07-19T10:27:06","date_gmt":"2020-07-19T09:27:06","guid":{"rendered":"http:\/\/ostrowska.tv\/?p=12305"},"modified":"2020-07-19T10:30:52","modified_gmt":"2020-07-19T09:30:52","slug":"znowu-w-raszkowie-doszlo-do-wypadku-z-udzialem-mlodego-kolarza","status":"publish","type":"post","link":"https:\/\/ostrowskatv.pl\/?p=12305","title":{"rendered":"Znowu w Raszkowie dosz\u0142o do wypadku z udzia\u0142em m\u0142odego kolarza"},"content":{"rendered":"<p><strong>Po dw\u00f3ch latach dosz\u0142o do kolejnego wypadku, przy okazji organizowanego wy\u015bcigu kolarskiego, na terenie gm. Raszk\u00f3w. 11-latek zderzy\u0142 si\u0119 z SUV-em marki Hyundai.\u00a0<\/strong><\/p>\n<p>Dzisiaj na terenie gm. Raszk\u00f3w organizowane s\u0105 Mistrzostwa Polski Szk\u00f3\u0142ek Kolarskich. Uczniowie klas IV &#8211; VIII \u015bcigaj\u0105 si\u0119 na dystansach od 8 do 40 kilometr\u00f3w, w zale\u017cno\u015bci od wieku i p\u0142ci.<\/p>\n<p>Na oko\u0142o godzin\u0119 przed pierwszym wy\u015bcigiem, zawodnicy w ramach rozgrzewki przeje\u017cd\u017cali wyznaczon\u0105 tras\u0119. Problem w tym, \u017ce nie by\u0142a ona jeszcze zabezpieczona, a m\u0142odzi kolarze je\u017adzili ulicami nawet &#8222;pod pr\u0105d&#8221;.<\/p>\n<p>Nie dziwi zatem fakt, \u017ce na skrzy\u017cowaniu ulic Wa\u0142owej i Jaroci\u0144skiej w Raszkowie ponownie, po dw\u00f3ch latach, dosz\u0142o do wypadku.<\/p>\n<p>Hyundai jecha\u0142 g\u0142\u00f3wn\u0105 ulic\u0105 i uderzy\u0142 w bok kolarz\u00f3wki, kt\u00f3r\u0105 jecha\u0142 11-latek z cz\u0119stochowskiego klubu. M\u0142ody kolarz wylecia\u0142 w powietrze i uderzy\u0142 g\u0142ow\u0105 o asfalt. Na szcz\u0119\u015bcie mia\u0142 za\u0142o\u017cony kask.<\/p>\n<p>M\u0142odzieniec przez ca\u0142y czas by\u0142 przytomny, ale mia\u0142 zdart\u0105 sk\u00f3r\u0119 na g\u0142owie, r\u0119ce i nodze. W celu wykluczenia innych uraz\u00f3w, przewieziono go do szpitala.<\/p>\n<p>Okaza\u0142o si\u0119, \u017ce 11-latek w kwietniu zdawa\u0142 na kart\u0119 rowerow\u0105, ale jeszcze jej nie odebra\u0142.<\/p>\n<p>2 lata temu w tym samym miejscu dosz\u0142o do wypadku. S\u0105d stwierdzi\u0142, \u017ce b\u0142\u0105d pope\u0142ni\u0142a osoba funkcyjna, kt\u00f3ra dopu\u015bci\u0142a do wjechania auta na tras\u0119 wy\u015bcigu.<\/p>\n<p><strong>Po dw\u00f3ch latach dosz\u0142o do kolejnego wypadku przy okazji organizowanego wy\u015bcigu kolarskiego na terenie gm. Raszk\u00f3w. 11-latek zderzy\u0142 si\u0119 z SAUV-em marki Hyundai.<\/strong><\/p>\n<p>Dzisiaj na terenie gm. Raszk\u00f3w organizowane s\u0105 Mistrzostwa Polski Szk\u00f3\u0142ek Kolarskich. Uczniowie klas IV &#8211; VIII \u015bcigaj\u0105 si\u0119 na dystansach od 8 do 40 kilometr\u00f3w, w zale\u017cno\u015bci od wieku i p\u0142ci.<\/p>\n<p>Na oko\u0142o godzin\u0119 przed pierwszym wy\u015bcigiem, zawodnicy w ramach rozgrzewki przeje\u017cd\u017cali wyznaczon\u0105 tras\u0119. Problem w tym, \u017ce nie by\u0142a ona jeszcze zabezpieczona, a m\u0142odzi kolarze je\u017adzili ulicami nawet &#8222;pod pr\u0105d&#8221;.<\/p>\n<p>Nie dziwi zatem fakt, \u017ce na skrzy\u017cowaniu ulic Wa\u0142owej i Jaroci\u0144skiej w Raszkowie ponownie, po dw\u00f3ch latach, dosz\u0142o do wypadku.<\/p>\n<p>Hyundai jad\u0105cy g\u0142\u00f3wn\u0105 ulic\u0105 uderzy\u0142 w bok kolarz\u00f3wki, kt\u00f3r\u0105 jecha\u0142 11-latek z cz\u0119stochowskiego klubu. M\u0142ody kolarz wylecia\u0142 w p<span style=\"font-size: 1rem;\">owietrze i uderzy\u0142 g\u0142ow\u0105 o asfalt. Na szcz\u0119\u015bcie mia\u0142 za\u0142o\u017cony kask.<\/span><\/p>\n<p>M\u0142odzieniec przez ca\u0142y czas by\u0142 przytomny, ale mia\u0142 zdart\u0105 sk\u00f3r\u0119 na g\u0142owie, r\u0119ce i nodze. W celu wykluczenia innych uraz\u00f3w, przewieziono go do szpitala.<\/p>\n<p>Okaza\u0142o si\u0119, \u017ce 11-latek w kwietniu zdawa\u0142 na kart\u0119 rowerow\u0105, ale jeszcze jej nie odebra\u0142.<\/p>\n<p>2 lata temu w tym samym miejscu dosz\u0142o do wypadku. S\u0105d stwierdzi\u0142, \u017ce b\u0142\u0105d pope\u0142ni\u0142a osoba funkcyjna, kt\u00f3ra dopu\u015bci\u0142a do wjechania auta na tras\u0119 wy\u015bcigu.<\/p>\n<div id='gallery-1' class='gallery galleryid-12305 gallery-columns-3 gallery-size-thumbnail'><figure class='gallery-item'>\n\t\t\t<div class='gallery-icon landscape'>\n\t\t\t\t<a href='https:\/\/ostrowskatv.pl\/?attachment_id=12304'><img loading=\"lazy\" decoding=\"async\" width=\"150\" height=\"150\" src=\"https:\/\/ostrowskatv.pl\/wp-content\/uploads\/2020\/07\/raszkow_kolarz00-01-150x150.jpeg\" class=\"attachment-thumbnail size-thumbnail\" alt=\"\" \/><\/a>\n\t\t\t<\/div><\/figure><figure class='gallery-item'>\n\t\t\t<div class='gallery-icon landscape'>\n\t\t\t\t<a href='https:\/\/ostrowskatv.pl\/?attachment_id=12303'><img loading=\"lazy\" decoding=\"async\" width=\"150\" height=\"150\" src=\"https:\/\/ostrowskatv.pl\/wp-content\/uploads\/2020\/07\/raszkow_kolarz01-01-150x150.jpeg\" class=\"attachment-thumbnail size-thumbnail\" alt=\"\" \/><\/a>\n\t\t\t<\/div><\/figure><figure class='gallery-item'>\n\t\t\t<div class='gallery-icon landscape'>\n\t\t\t\t<a href='https:\/\/ostrowskatv.pl\/?attachment_id=12302'><img loading=\"lazy\" decoding=\"async\" width=\"150\" height=\"150\" src=\"https:\/\/ostrowskatv.pl\/wp-content\/uploads\/2020\/07\/raszkow_kolarz09-01-150x150.jpeg\" class=\"attachment-thumbnail size-thumbnail\" alt=\"\" \/><\/a>\n\t\t\t<\/div><\/figure><figure class='gallery-item'>\n\t\t\t<div class='gallery-icon portrait'>\n\t\t\t\t<a href='https:\/\/ostrowskatv.pl\/?attachment_id=12301'><img loading=\"lazy\" decoding=\"async\" width=\"150\" height=\"150\" src=\"https:\/\/ostrowskatv.pl\/wp-content\/uploads\/2020\/07\/raszkow_kolarz12-01-150x150.jpeg\" class=\"attachment-thumbnail size-thumbnail\" alt=\"\" \/><\/a>\n\t\t\t<\/div><\/figure><figure class='gallery-item'>\n\t\t\t<div class='gallery-icon landscape'>\n\t\t\t\t<a href='https:\/\/ostrowskatv.pl\/?attachment_id=12300'><img loading=\"lazy\" decoding=\"async\" width=\"150\" height=\"150\" src=\"https:\/\/ostrowskatv.pl\/wp-content\/uploads\/2020\/07\/raszkow_kolarz06-01-150x150.jpeg\" class=\"attachment-thumbnail size-thumbnail\" alt=\"\" \/><\/a>\n\t\t\t<\/div><\/figure><figure class='gallery-item'>\n\t\t\t<div class='gallery-icon landscape'>\n\t\t\t\t<a href='https:\/\/ostrowskatv.pl\/?attachment_id=12299'><img loading=\"lazy\" decoding=\"async\" width=\"150\" height=\"150\" src=\"https:\/\/ostrowskatv.pl\/wp-content\/uploads\/2020\/07\/raszkow_kolarz05-01-150x150.jpeg\" class=\"attachment-thumbnail size-thumbnail\" alt=\"\" \/><\/a>\n\t\t\t<\/div><\/figure><figure class='gallery-item'>\n\t\t\t<div class='gallery-icon landscape'>\n\t\t\t\t<a href='https:\/\/ostrowskatv.pl\/?attachment_id=12298'><img loading=\"lazy\" decoding=\"async\" width=\"150\" height=\"150\" src=\"https:\/\/ostrowskatv.pl\/wp-content\/uploads\/2020\/07\/raszkow_kolarz02-01-150x150.jpeg\" class=\"attachment-thumbnail size-thumbnail\" alt=\"\" \/><\/a>\n\t\t\t<\/div><\/figure><figure class='gallery-item'>\n\t\t\t<div class='gallery-icon landscape'>\n\t\t\t\t<a href='https:\/\/ostrowskatv.pl\/?attachment_id=12297'><img loading=\"lazy\" decoding=\"async\" width=\"150\" height=\"150\" src=\"https:\/\/ostrowskatv.pl\/wp-content\/uploads\/2020\/07\/IMG_20200719_094030-01-150x150.jpeg\" class=\"attachment-thumbnail size-thumbnail\" alt=\"\" \/><\/a>\n\t\t\t<\/div><\/figure><figure class='gallery-item'>\n\t\t\t<div class='gallery-icon landscape'>\n\t\t\t\t<a href='https:\/\/ostrowskatv.pl\/?attachment_id=12296'><img loading=\"lazy\" decoding=\"async\" width=\"150\" height=\"150\" src=\"https:\/\/ostrowskatv.pl\/wp-content\/uploads\/2020\/07\/IMG_20200719_094024-01-150x150.jpeg\" class=\"attachment-thumbnail size-thumbnail\" alt=\"\" \/><\/a>\n\t\t\t<\/div><\/figure>\n\t\t<\/div>\n\n","protected":false},"excerpt":{"rendered":"Po dw\u00f3ch latach dosz\u0142o do kolejnego wypadku, przy okazji organizowanego wy\u015bcigu kolarskiego, na terenie gm. Raszk\u00f3w. 11-latek zderzy\u0142 si\u0119 z SUV-em marki Hyundai.\u00a0 \n<a class=\"moretag\" href=\"https:\/\/ostrowskatv.pl\/?p=12305\"> [...]<\/a>","protected":false},"author":1,"featured_media":12304,"comment_status":"open","ping_status":"closed","sticky":false,"template":"","format":"standard","meta":{"footnotes":""},"categories":[1],"tags":[73],"class_list":["post-12305","post","type-post","status-publish","format-standard","has-post-thumbnail","hentry","category-news","tag-raszkow"],"_links":{"self":[{"href":"https:\/\/ostrowskatv.pl\/index.php?rest_route=\/wp\/v2\/posts\/12305","targetHints":{"allow":["GET"]}}],"collection":[{"href":"https:\/\/ostrowskatv.pl\/index.php?rest_route=\/wp\/v2\/posts"}],"about":[{"href":"https:\/\/ostrowskatv.pl\/index.php?rest_route=\/wp\/v2\/types\/post"}],"author":[{"embeddable":true,"href":"https:\/\/ostrowskatv.pl\/index.php?rest_route=\/wp\/v2\/users\/1"}],"replies":[{"embeddable":true,"href":"https:\/\/ostrowskatv.pl\/index.php?rest_route=%2Fwp%2Fv2%2Fcomments&post=12305"}],"version-history":[{"count":0,"href":"https:\/\/ostrowskatv.pl\/index.php?rest_route=\/wp\/v2\/posts\/12305\/revisions"}],"wp:featuredmedia":[{"embeddable":true,"href":"https:\/\/ostrowskatv.pl\/index.php?rest_route=\/wp\/v2\/media\/12304"}],"wp:attachment":[{"href":"https:\/\/ostrowskatv.pl\/index.php?rest_route=%2Fwp%2Fv2%2Fmedia&parent=12305"}],"wp:term":[{"taxonomy":"category","embeddable":true,"href":"https:\/\/ostrowskatv.pl\/index.php?rest_route=%2Fwp%2Fv2%2Fcategories&post=12305"},{"taxonomy":"post_tag","embeddable":true,"href":"https:\/\/ostrowskatv.pl\/index.php?rest_route=%2Fwp%2Fv2%2Ftags&post=12305"}],"curies":[{"name":"wp","href":"https:\/\/api.w.org\/{rel}","templated":true}]}}