{"id":12290,"date":"2020-07-18T06:03:48","date_gmt":"2020-07-18T05:03:48","guid":{"rendered":"http:\/\/ostrowska.tv\/?p=12290"},"modified":"2020-07-18T06:03:48","modified_gmt":"2020-07-18T05:03:48","slug":"wypadek-na-kaliskiej-wjechal-bo-myslal-ze-ma-zielone","status":"publish","type":"post","link":"https:\/\/ostrowskatv.pl\/?p=12290","title":{"rendered":"Wypadek na Kaliskiej. Wjecha\u0142, bo my\u015bla\u0142, \u017ce ma zielone"},"content":{"rendered":"<p><strong>Po godzinie 5.00 rozpoczyna\u0142 si\u0119 pi\u0119knie zapowiadaj\u0105cy si\u0119 dzie\u0144. S\u0142o\u0144ce ju\u017c wzesz\u0142o i widoczno\u015b\u0107 by\u0142a bardzo dobra. Kierowca Opla Combo jecha\u0142 ulica Harcersk\u0105 w stron\u0119 Parku Miejskiego. Wje\u017cd\u017caj\u0105c na skrzy\u017cowanie z ulic\u0105 Kalisk\u0105, wydawa\u0142o mu si\u0119, \u017ce ma zielone \u015bwiat\u0142o na sygnalizatorze. W tym samym czasie w<span style=\"font-size: 1rem;\"> stron\u0119 Rynku jecha\u0142 bus z miedzyborskiej piekarni. Na \u015brodku skrzy\u017cowania dosz\u0142o do zderzenia obu aut.<\/span><\/strong><\/p>\n<p>Kierowca z Opla Combo dozna\u0142 ran, z kt\u00f3rych p\u0142yn\u0119\u0142a krew. Na miejsce wezwano stra\u017cak\u00f3w, karetk\u0119 i policj\u0119.<\/p>\n<p>M\u0119\u017cczy\u017anie z busa marki Mercedes nic si\u0119 nie sta\u0142o. S\u0142ysz\u0105c wersj\u0119 domniemanego sprawcy z Opla, poszed\u0142 sprawdzi\u0107 na sygnalizator na ul<span style=\"font-size: 1rem;\">. Harcerskiej.\u00a0 Okaza\u0142o si\u0119, \u017ce o tej porze podawany by\u0142 sygna\u0142 pulsuj\u0105cego \u017c\u00f3\u0142tego \u015bwiat\u0142a.\u00a0<\/span><\/p>\n<p>Kierowc\u0119 z Opla zabrano do szpitala. Stra\u017cacy zneutralizowali wyciek oleju.<\/p>\n<div id='gallery-1' class='gallery galleryid-12290 gallery-columns-3 gallery-size-thumbnail'><figure class='gallery-item'>\n\t\t\t<div class='gallery-icon landscape'>\n\t\t\t\t<a href='https:\/\/ostrowskatv.pl\/?attachment_id=12289'><img loading=\"lazy\" decoding=\"async\" width=\"150\" height=\"150\" src=\"https:\/\/ostrowskatv.pl\/wp-content\/uploads\/2020\/07\/IMG_20200718_053024-01-150x150.jpeg\" class=\"attachment-thumbnail size-thumbnail\" alt=\"\" \/><\/a>\n\t\t\t<\/div><\/figure><figure class='gallery-item'>\n\t\t\t<div class='gallery-icon landscape'>\n\t\t\t\t<a href='https:\/\/ostrowskatv.pl\/?attachment_id=12288'><img loading=\"lazy\" decoding=\"async\" width=\"150\" height=\"150\" src=\"https:\/\/ostrowskatv.pl\/wp-content\/uploads\/2020\/07\/IMG_20200718_053728-01-150x150.jpeg\" class=\"attachment-thumbnail size-thumbnail\" alt=\"\" \/><\/a>\n\t\t\t<\/div><\/figure><figure class='gallery-item'>\n\t\t\t<div class='gallery-icon landscape'>\n\t\t\t\t<a href='https:\/\/ostrowskatv.pl\/?attachment_id=12287'><img loading=\"lazy\" decoding=\"async\" width=\"150\" height=\"150\" src=\"https:\/\/ostrowskatv.pl\/wp-content\/uploads\/2020\/07\/IMG_20200718_054321-01-150x150.jpeg\" class=\"attachment-thumbnail size-thumbnail\" alt=\"\" \/><\/a>\n\t\t\t<\/div><\/figure><figure class='gallery-item'>\n\t\t\t<div class='gallery-icon landscape'>\n\t\t\t\t<a href='https:\/\/ostrowskatv.pl\/?attachment_id=12286'><img loading=\"lazy\" decoding=\"async\" width=\"150\" height=\"150\" src=\"https:\/\/ostrowskatv.pl\/wp-content\/uploads\/2020\/07\/IMG_20200718_053246-01-150x150.jpeg\" class=\"attachment-thumbnail size-thumbnail\" alt=\"\" \/><\/a>\n\t\t\t<\/div><\/figure><figure class='gallery-item'>\n\t\t\t<div class='gallery-icon landscape'>\n\t\t\t\t<a href='https:\/\/ostrowskatv.pl\/?attachment_id=12285'><img loading=\"lazy\" decoding=\"async\" width=\"150\" height=\"150\" src=\"https:\/\/ostrowskatv.pl\/wp-content\/uploads\/2020\/07\/IMG_20200718_053134-01-150x150.jpeg\" class=\"attachment-thumbnail size-thumbnail\" alt=\"\" \/><\/a>\n\t\t\t<\/div><\/figure><figure class='gallery-item'>\n\t\t\t<div class='gallery-icon landscape'>\n\t\t\t\t<a href='https:\/\/ostrowskatv.pl\/?attachment_id=12284'><img loading=\"lazy\" decoding=\"async\" width=\"150\" height=\"150\" src=\"https:\/\/ostrowskatv.pl\/wp-content\/uploads\/2020\/07\/IMG_20200718_053119-01-150x150.jpeg\" class=\"attachment-thumbnail size-thumbnail\" alt=\"\" \/><\/a>\n\t\t\t<\/div><\/figure>\n\t\t<\/div>\n\n","protected":false},"excerpt":{"rendered":"Po godzinie 5.00 rozpoczyna\u0142 si\u0119 pi\u0119knie zapowiadaj\u0105cy si\u0119 dzie\u0144. S\u0142o\u0144ce ju\u017c wzesz\u0142o i widoczno\u015b\u0107 by\u0142a bardzo dobra. Kierowca Opla Combo jecha\u0142 ulica Harcersk\u0105 \n<a class=\"moretag\" href=\"https:\/\/ostrowskatv.pl\/?p=12290\"> [...]<\/a>","protected":false},"author":1,"featured_media":12286,"comment_status":"open","ping_status":"closed","sticky":false,"template":"","format":"standard","meta":{"footnotes":""},"categories":[1],"tags":[2],"class_list":["post-12290","post","type-post","status-publish","format-standard","has-post-thumbnail","hentry","category-news","tag-ostrow-wielkopolski"],"_links":{"self":[{"href":"https:\/\/ostrowskatv.pl\/index.php?rest_route=\/wp\/v2\/posts\/12290","targetHints":{"allow":["GET"]}}],"collection":[{"href":"https:\/\/ostrowskatv.pl\/index.php?rest_route=\/wp\/v2\/posts"}],"about":[{"href":"https:\/\/ostrowskatv.pl\/index.php?rest_route=\/wp\/v2\/types\/post"}],"author":[{"embeddable":true,"href":"https:\/\/ostrowskatv.pl\/index.php?rest_route=\/wp\/v2\/users\/1"}],"replies":[{"embeddable":true,"href":"https:\/\/ostrowskatv.pl\/index.php?rest_route=%2Fwp%2Fv2%2Fcomments&post=12290"}],"version-history":[{"count":0,"href":"https:\/\/ostrowskatv.pl\/index.php?rest_route=\/wp\/v2\/posts\/12290\/revisions"}],"wp:featuredmedia":[{"embeddable":true,"href":"https:\/\/ostrowskatv.pl\/index.php?rest_route=\/wp\/v2\/media\/12286"}],"wp:attachment":[{"href":"https:\/\/ostrowskatv.pl\/index.php?rest_route=%2Fwp%2Fv2%2Fmedia&parent=12290"}],"wp:term":[{"taxonomy":"category","embeddable":true,"href":"https:\/\/ostrowskatv.pl\/index.php?rest_route=%2Fwp%2Fv2%2Fcategories&post=12290"},{"taxonomy":"post_tag","embeddable":true,"href":"https:\/\/ostrowskatv.pl\/index.php?rest_route=%2Fwp%2Fv2%2Ftags&post=12290"}],"curies":[{"name":"wp","href":"https:\/\/api.w.org\/{rel}","templated":true}]}}