{"id":12280,"date":"2020-07-17T12:27:35","date_gmt":"2020-07-17T11:27:35","guid":{"rendered":"http:\/\/ostrowska.tv\/?p=12280"},"modified":"2020-07-17T12:27:35","modified_gmt":"2020-07-17T11:27:35","slug":"kolizja-na-rondzie-bankowym-16-lipca-2020","status":"publish","type":"post","link":"https:\/\/ostrowskatv.pl\/?p=12280","title":{"rendered":"Kolizja na Rondzie Bankowym &#8211; 16 lipca 2020"},"content":{"rendered":"<p><strong>Na Rondzie Bankowym spotka\u0142o si\u0119 dw\u00f3ch kierowc\u00f3w, z czego jeden nie ust\u0105pi\u0142 pierwsze\u0144stwa drugiemu zmieniaj\u0105c pas, a drugi nie wykaza\u0142 si\u0119 przewidywalno\u015bci\u0105 i \u017cyczliwo\u015bci\u0105. Kolizja nie by\u0142a gro\u017ana i zako\u0144czy\u0142a si\u0119 na przetarciach bok\u00f3w obu aut.<\/strong><\/p>\n<p><iframe loading=\"lazy\" title=\"Kolizja - rondo bankowe - 16 lipca 2020\" width=\"747\" height=\"420\" src=\"https:\/\/www.youtube.com\/embed\/fVGro3lGUwo?feature=oembed\" frameborder=\"0\" allow=\"accelerometer; autoplay; clipboard-write; encrypted-media; gyroscope; picture-in-picture; web-share\" referrerpolicy=\"strict-origin-when-cross-origin\" allowfullscreen><\/iframe><\/p>\n<p>&nbsp;<\/p>\n","protected":false},"excerpt":{"rendered":"Na Rondzie Bankowym spotka\u0142o si\u0119 dw\u00f3ch kierowc\u00f3w, z czego jeden nie ust\u0105pi\u0142 pierwsze\u0144stwa drugiemu zmieniaj\u0105c pas, a drugi nie wykaza\u0142 si\u0119 przewidywalno\u015bci\u0105 i \n<a class=\"moretag\" href=\"https:\/\/ostrowskatv.pl\/?p=12280\"> [...]<\/a>","protected":false},"author":1,"featured_media":12281,"comment_status":"open","ping_status":"closed","sticky":false,"template":"","format":"standard","meta":{"footnotes":""},"categories":[1],"tags":[2],"class_list":["post-12280","post","type-post","status-publish","format-standard","has-post-thumbnail","hentry","category-news","tag-ostrow-wielkopolski"],"_links":{"self":[{"href":"https:\/\/ostrowskatv.pl\/index.php?rest_route=\/wp\/v2\/posts\/12280","targetHints":{"allow":["GET"]}}],"collection":[{"href":"https:\/\/ostrowskatv.pl\/index.php?rest_route=\/wp\/v2\/posts"}],"about":[{"href":"https:\/\/ostrowskatv.pl\/index.php?rest_route=\/wp\/v2\/types\/post"}],"author":[{"embeddable":true,"href":"https:\/\/ostrowskatv.pl\/index.php?rest_route=\/wp\/v2\/users\/1"}],"replies":[{"embeddable":true,"href":"https:\/\/ostrowskatv.pl\/index.php?rest_route=%2Fwp%2Fv2%2Fcomments&post=12280"}],"version-history":[{"count":0,"href":"https:\/\/ostrowskatv.pl\/index.php?rest_route=\/wp\/v2\/posts\/12280\/revisions"}],"wp:featuredmedia":[{"embeddable":true,"href":"https:\/\/ostrowskatv.pl\/index.php?rest_route=\/wp\/v2\/media\/12281"}],"wp:attachment":[{"href":"https:\/\/ostrowskatv.pl\/index.php?rest_route=%2Fwp%2Fv2%2Fmedia&parent=12280"}],"wp:term":[{"taxonomy":"category","embeddable":true,"href":"https:\/\/ostrowskatv.pl\/index.php?rest_route=%2Fwp%2Fv2%2Fcategories&post=12280"},{"taxonomy":"post_tag","embeddable":true,"href":"https:\/\/ostrowskatv.pl\/index.php?rest_route=%2Fwp%2Fv2%2Ftags&post=12280"}],"curies":[{"name":"wp","href":"https:\/\/api.w.org\/{rel}","templated":true}]}}