{"id":12278,"date":"2020-07-16T23:10:00","date_gmt":"2020-07-16T22:10:00","guid":{"rendered":"http:\/\/ostrowska.tv\/?p=12278"},"modified":"2020-07-16T23:10:00","modified_gmt":"2020-07-16T22:10:00","slug":"rozbil-sie-na-drzewie-na-piaskach","status":"publish","type":"post","link":"https:\/\/ostrowskatv.pl\/?p=12278","title":{"rendered":"Rozbi\u0142 si\u0119 na drzewie na Piaskach"},"content":{"rendered":"<p><strong>M\u0142ody m\u0119\u017cczyzna w czwartkowy wiecz\u00f3r rozbi\u0142 si\u0119 na drzewie na terenie kompleksu Piaski-Szczygliczka. Do zdarzenia dosz\u0142o przed godzin\u0105 23.00. Oko\u0142o 25-30-letni kierowca najpierw wjecha\u0142 pod zakaz ruchu i jecha\u0142 \u015bcie\u017ck\u0105 wzd\u0142u\u017c parku linowego.<\/strong><\/p>\n<p>Jad\u0105c w stron\u0119 ulicy Limanowskiego mia\u0142 do pokonania zakr\u0119t w prawo. Rozp\u0119dzony Opel Zafira uderzy\u0142 w drzewo. Dodajmy, \u017ce w tym miejscu,\u00a0 nawet wieczorow\u0105 por\u0105 jest wielu biegaczy, rolkarzy i rowerzyst\u00f3w. Szcz\u0119\u015bliwie w nikogo nie wjecha\u0142.<\/p>\n<p>Oplem podr\u00f3\u017cowa\u0142y dwie osoby. Okaza\u0142o si\u0119, \u017ce kierowca nie mia\u0142 uprawnie\u0144 do kierowania autem, a dopiero co wr\u00f3ci\u0142 z Holandii. Samoch\u00f3d jest na pleszewskich tablicach rejestracyjnych, a na szybie od kierowcy jest naklejka &#8222;ratownictwo medyczne&#8221;.<\/p>\n<div id='gallery-1' class='gallery galleryid-12278 gallery-columns-3 gallery-size-thumbnail'><figure class='gallery-item'>\n\t\t\t<div class='gallery-icon landscape'>\n\t\t\t\t<a href='https:\/\/ostrowskatv.pl\/?attachment_id=12276'><img loading=\"lazy\" decoding=\"async\" width=\"150\" height=\"150\" src=\"https:\/\/ostrowskatv.pl\/wp-content\/uploads\/2020\/07\/IMG_20200716_231936-01-150x150.jpeg\" class=\"attachment-thumbnail size-thumbnail\" alt=\"\" \/><\/a>\n\t\t\t<\/div><\/figure><figure class='gallery-item'>\n\t\t\t<div class='gallery-icon landscape'>\n\t\t\t\t<a href='https:\/\/ostrowskatv.pl\/?attachment_id=12275'><img loading=\"lazy\" decoding=\"async\" width=\"150\" height=\"150\" src=\"https:\/\/ostrowskatv.pl\/wp-content\/uploads\/2020\/07\/IMG_20200716_232043-01-150x150.jpeg\" class=\"attachment-thumbnail size-thumbnail\" alt=\"\" \/><\/a>\n\t\t\t<\/div><\/figure><figure class='gallery-item'>\n\t\t\t<div class='gallery-icon landscape'>\n\t\t\t\t<a href='https:\/\/ostrowskatv.pl\/?attachment_id=12274'><img loading=\"lazy\" decoding=\"async\" width=\"150\" height=\"150\" src=\"https:\/\/ostrowskatv.pl\/wp-content\/uploads\/2020\/07\/IMG_20200716_231756-01-150x150.jpeg\" class=\"attachment-thumbnail size-thumbnail\" alt=\"\" \/><\/a>\n\t\t\t<\/div><\/figure><figure class='gallery-item'>\n\t\t\t<div class='gallery-icon landscape'>\n\t\t\t\t<a href='https:\/\/ostrowskatv.pl\/?attachment_id=12273'><img loading=\"lazy\" decoding=\"async\" width=\"150\" height=\"150\" src=\"https:\/\/ostrowskatv.pl\/wp-content\/uploads\/2020\/07\/IMG_20200716_231220-01-150x150.jpg\" class=\"attachment-thumbnail size-thumbnail\" alt=\"\" \/><\/a>\n\t\t\t<\/div><\/figure><figure class='gallery-item'>\n\t\t\t<div class='gallery-icon landscape'>\n\t\t\t\t<a href='https:\/\/ostrowskatv.pl\/?attachment_id=12272'><img loading=\"lazy\" decoding=\"async\" width=\"150\" height=\"150\" src=\"https:\/\/ostrowskatv.pl\/wp-content\/uploads\/2020\/07\/IMG_20200716_232234-01-150x150.jpeg\" class=\"attachment-thumbnail size-thumbnail\" alt=\"\" \/><\/a>\n\t\t\t<\/div><\/figure>\n\t\t<\/div>\n\n","protected":false},"excerpt":{"rendered":"M\u0142ody m\u0119\u017cczyzna w czwartkowy wiecz\u00f3r rozbi\u0142 si\u0119 na drzewie na terenie kompleksu Piaski-Szczygliczka. Do zdarzenia dosz\u0142o przed godzin\u0105 23.00. Oko\u0142o 25-30-letni kierowca najpierw \n<a class=\"moretag\" href=\"https:\/\/ostrowskatv.pl\/?p=12278\"> [...]<\/a>","protected":false},"author":1,"featured_media":12276,"comment_status":"open","ping_status":"closed","sticky":false,"template":"","format":"standard","meta":{"footnotes":""},"categories":[1],"tags":[2],"class_list":["post-12278","post","type-post","status-publish","format-standard","has-post-thumbnail","hentry","category-news","tag-ostrow-wielkopolski"],"_links":{"self":[{"href":"https:\/\/ostrowskatv.pl\/index.php?rest_route=\/wp\/v2\/posts\/12278","targetHints":{"allow":["GET"]}}],"collection":[{"href":"https:\/\/ostrowskatv.pl\/index.php?rest_route=\/wp\/v2\/posts"}],"about":[{"href":"https:\/\/ostrowskatv.pl\/index.php?rest_route=\/wp\/v2\/types\/post"}],"author":[{"embeddable":true,"href":"https:\/\/ostrowskatv.pl\/index.php?rest_route=\/wp\/v2\/users\/1"}],"replies":[{"embeddable":true,"href":"https:\/\/ostrowskatv.pl\/index.php?rest_route=%2Fwp%2Fv2%2Fcomments&post=12278"}],"version-history":[{"count":0,"href":"https:\/\/ostrowskatv.pl\/index.php?rest_route=\/wp\/v2\/posts\/12278\/revisions"}],"wp:featuredmedia":[{"embeddable":true,"href":"https:\/\/ostrowskatv.pl\/index.php?rest_route=\/wp\/v2\/media\/12276"}],"wp:attachment":[{"href":"https:\/\/ostrowskatv.pl\/index.php?rest_route=%2Fwp%2Fv2%2Fmedia&parent=12278"}],"wp:term":[{"taxonomy":"category","embeddable":true,"href":"https:\/\/ostrowskatv.pl\/index.php?rest_route=%2Fwp%2Fv2%2Fcategories&post=12278"},{"taxonomy":"post_tag","embeddable":true,"href":"https:\/\/ostrowskatv.pl\/index.php?rest_route=%2Fwp%2Fv2%2Ftags&post=12278"}],"curies":[{"name":"wp","href":"https:\/\/api.w.org\/{rel}","templated":true}]}}