{"id":12260,"date":"2020-07-15T02:17:06","date_gmt":"2020-07-15T01:17:06","guid":{"rendered":"http:\/\/ostrowska.tv\/?p=12260"},"modified":"2020-07-15T02:17:06","modified_gmt":"2020-07-15T01:17:06","slug":"splonal-zaklad-produkujacy-trumny","status":"publish","type":"post","link":"https:\/\/ostrowskatv.pl\/?p=12260","title":{"rendered":"Sp\u0142on\u0105\u0142 zak\u0142ad produkuj\u0105cy trumny"},"content":{"rendered":"<p><strong>Oko\u0142o godz. 21.45 wezwano stra\u017c po\u017carn\u0105 do po\u017caru zak\u0142adu produkuj\u0105cego trumny. Na miejsce zadysponowano \u0142\u0105cznie 22 zast\u0119py stra\u017cy po\u017carnej z trzech powiat\u00f3w kaliskiego, pleszewskiego i ostrowskiego. Po przyje\u017adzie pierwszych zast\u0119p\u00f3w, ca\u0142y zak\u0142ad by\u0142 ju\u017c obj\u0119ty ogniem. <\/strong><\/p>\n<p><span style=\"font-size: 1rem;\">Stra\u017cacy gasili po\u017car z dw\u00f3ch podno\u015bnik\u00f3w, a tak\u017ce z ziemi. Wewn\u0105trz znajdowa\u0142y si\u0119 elementy drewniane, maszyny i prawdopodobnie lakiery.\u00a0 W zdarzeniu nikt nie ucierpia\u0142.<\/span><\/p>\n<p>W chwili powstania po\u017caru nikt nie pracowa\u0142 w zak\u0142adzie. Do zdarzenia dosz\u0142o w miejscowo\u015bci Zag\u00f3rzyn w gm. Blizan\u00f3w k. Kalisza.<\/p>\n","protected":false},"excerpt":{"rendered":"Oko\u0142o godz. 21.45 wezwano stra\u017c po\u017carn\u0105 do po\u017caru zak\u0142adu produkuj\u0105cego trumny. Na miejsce zadysponowano \u0142\u0105cznie 22 zast\u0119py stra\u017cy po\u017carnej z trzech powiat\u00f3w kaliskiego, \n<a class=\"moretag\" href=\"https:\/\/ostrowskatv.pl\/?p=12260\"> [...]<\/a>","protected":false},"author":1,"featured_media":12259,"comment_status":"open","ping_status":"closed","sticky":false,"template":"","format":"standard","meta":{"footnotes":""},"categories":[1],"tags":[],"class_list":["post-12260","post","type-post","status-publish","format-standard","has-post-thumbnail","hentry","category-news"],"_links":{"self":[{"href":"https:\/\/ostrowskatv.pl\/index.php?rest_route=\/wp\/v2\/posts\/12260","targetHints":{"allow":["GET"]}}],"collection":[{"href":"https:\/\/ostrowskatv.pl\/index.php?rest_route=\/wp\/v2\/posts"}],"about":[{"href":"https:\/\/ostrowskatv.pl\/index.php?rest_route=\/wp\/v2\/types\/post"}],"author":[{"embeddable":true,"href":"https:\/\/ostrowskatv.pl\/index.php?rest_route=\/wp\/v2\/users\/1"}],"replies":[{"embeddable":true,"href":"https:\/\/ostrowskatv.pl\/index.php?rest_route=%2Fwp%2Fv2%2Fcomments&post=12260"}],"version-history":[{"count":0,"href":"https:\/\/ostrowskatv.pl\/index.php?rest_route=\/wp\/v2\/posts\/12260\/revisions"}],"wp:featuredmedia":[{"embeddable":true,"href":"https:\/\/ostrowskatv.pl\/index.php?rest_route=\/wp\/v2\/media\/12259"}],"wp:attachment":[{"href":"https:\/\/ostrowskatv.pl\/index.php?rest_route=%2Fwp%2Fv2%2Fmedia&parent=12260"}],"wp:term":[{"taxonomy":"category","embeddable":true,"href":"https:\/\/ostrowskatv.pl\/index.php?rest_route=%2Fwp%2Fv2%2Fcategories&post=12260"},{"taxonomy":"post_tag","embeddable":true,"href":"https:\/\/ostrowskatv.pl\/index.php?rest_route=%2Fwp%2Fv2%2Ftags&post=12260"}],"curies":[{"name":"wp","href":"https:\/\/api.w.org\/{rel}","templated":true}]}}