{"id":12249,"date":"2020-07-14T10:08:23","date_gmt":"2020-07-14T09:08:23","guid":{"rendered":"http:\/\/ostrowska.tv\/?p=12249"},"modified":"2020-07-14T10:08:23","modified_gmt":"2020-07-14T09:08:23","slug":"wybuch-w-budynku-gospodarczym-w-gorzycach-malych","status":"publish","type":"post","link":"https:\/\/ostrowskatv.pl\/?p=12249","title":{"rendered":"Wybuch w budynku gospodarczym w Gorzycach Ma\u0142ych"},"content":{"rendered":"<p><strong>Przed godzin\u0105 11.00 dosz\u0142o do wybuchu w budynku gospodarczym w Gorzycach Ma\u0142ych. Ze zg\u0142oszenia wynika\u0142o, \u017ce w \u015brodku mo\u017ce znajdowa\u0107 si\u0119 osoba poszkodowana.<\/strong><\/p>\n<p>Po przybyciu na miejsce 3 zast\u0119p\u00f3w stra\u017cy po\u017carnej okaza\u0142o si\u0119, \u017ce wewn\u0105trz budynku nie by\u0142o ognia. Po spenetrowaniu budynku i okolicy nie odnaleziono tak\u017ce potencjalnie poszkodowanej osoby.<\/p>\n<p>Okaza\u0142o si\u0119, \u017ce wybuch\u0142 akumulator od Melexa, kt\u00f3ry by\u0142 \u0142adowany. Pomieszczenie zosta\u0142o w g\u0142\u00f3wnej cz\u0119\u015bci odymione.<\/p>\n<div id='gallery-1' class='gallery galleryid-12249 gallery-columns-3 gallery-size-thumbnail'><figure class='gallery-item'>\n\t\t\t<div class='gallery-icon landscape'>\n\t\t\t\t<a href='https:\/\/ostrowskatv.pl\/?attachment_id=12248'><img loading=\"lazy\" decoding=\"async\" width=\"150\" height=\"150\" src=\"https:\/\/ostrowskatv.pl\/wp-content\/uploads\/2020\/07\/IMG_20200714_105303-01-150x150.jpeg\" class=\"attachment-thumbnail size-thumbnail\" alt=\"\" \/><\/a>\n\t\t\t<\/div><\/figure><figure class='gallery-item'>\n\t\t\t<div class='gallery-icon landscape'>\n\t\t\t\t<a href='https:\/\/ostrowskatv.pl\/?attachment_id=12247'><img loading=\"lazy\" decoding=\"async\" width=\"150\" height=\"150\" src=\"https:\/\/ostrowskatv.pl\/wp-content\/uploads\/2020\/07\/IMG_20200714_105259-01-150x150.jpeg\" class=\"attachment-thumbnail size-thumbnail\" alt=\"\" \/><\/a>\n\t\t\t<\/div><\/figure><figure class='gallery-item'>\n\t\t\t<div class='gallery-icon landscape'>\n\t\t\t\t<a href='https:\/\/ostrowskatv.pl\/?attachment_id=12246'><img loading=\"lazy\" decoding=\"async\" width=\"150\" height=\"150\" src=\"https:\/\/ostrowskatv.pl\/wp-content\/uploads\/2020\/07\/IMG_20200714_105222-01-150x150.jpeg\" class=\"attachment-thumbnail size-thumbnail\" alt=\"\" \/><\/a>\n\t\t\t<\/div><\/figure><figure class='gallery-item'>\n\t\t\t<div class='gallery-icon landscape'>\n\t\t\t\t<a href='https:\/\/ostrowskatv.pl\/?attachment_id=12245'><img loading=\"lazy\" decoding=\"async\" width=\"150\" height=\"150\" src=\"https:\/\/ostrowskatv.pl\/wp-content\/uploads\/2020\/07\/IMG_20200714_105112-01-150x150.jpeg\" class=\"attachment-thumbnail size-thumbnail\" alt=\"\" \/><\/a>\n\t\t\t<\/div><\/figure>\n\t\t<\/div>\n\n","protected":false},"excerpt":{"rendered":"Przed godzin\u0105 11.00 dosz\u0142o do wybuchu w budynku gospodarczym w Gorzycach Ma\u0142ych. Ze zg\u0142oszenia wynika\u0142o, \u017ce w \u015brodku mo\u017ce znajdowa\u0107 si\u0119 osoba poszkodowana. \n<a class=\"moretag\" href=\"https:\/\/ostrowskatv.pl\/?p=12249\"> [...]<\/a>","protected":false},"author":1,"featured_media":12246,"comment_status":"open","ping_status":"closed","sticky":false,"template":"","format":"standard","meta":{"footnotes":""},"categories":[1],"tags":[147],"class_list":["post-12249","post","type-post","status-publish","format-standard","has-post-thumbnail","hentry","category-news","tag-gorzyce-male"],"_links":{"self":[{"href":"https:\/\/ostrowskatv.pl\/index.php?rest_route=\/wp\/v2\/posts\/12249","targetHints":{"allow":["GET"]}}],"collection":[{"href":"https:\/\/ostrowskatv.pl\/index.php?rest_route=\/wp\/v2\/posts"}],"about":[{"href":"https:\/\/ostrowskatv.pl\/index.php?rest_route=\/wp\/v2\/types\/post"}],"author":[{"embeddable":true,"href":"https:\/\/ostrowskatv.pl\/index.php?rest_route=\/wp\/v2\/users\/1"}],"replies":[{"embeddable":true,"href":"https:\/\/ostrowskatv.pl\/index.php?rest_route=%2Fwp%2Fv2%2Fcomments&post=12249"}],"version-history":[{"count":0,"href":"https:\/\/ostrowskatv.pl\/index.php?rest_route=\/wp\/v2\/posts\/12249\/revisions"}],"wp:featuredmedia":[{"embeddable":true,"href":"https:\/\/ostrowskatv.pl\/index.php?rest_route=\/wp\/v2\/media\/12246"}],"wp:attachment":[{"href":"https:\/\/ostrowskatv.pl\/index.php?rest_route=%2Fwp%2Fv2%2Fmedia&parent=12249"}],"wp:term":[{"taxonomy":"category","embeddable":true,"href":"https:\/\/ostrowskatv.pl\/index.php?rest_route=%2Fwp%2Fv2%2Fcategories&post=12249"},{"taxonomy":"post_tag","embeddable":true,"href":"https:\/\/ostrowskatv.pl\/index.php?rest_route=%2Fwp%2Fv2%2Ftags&post=12249"}],"curies":[{"name":"wp","href":"https:\/\/api.w.org\/{rel}","templated":true}]}}