{"id":12219,"date":"2020-07-10T20:28:49","date_gmt":"2020-07-10T19:28:49","guid":{"rendered":"http:\/\/ostrowska.tv\/?p=12219"},"modified":"2020-07-10T20:35:25","modified_gmt":"2020-07-10T19:35:25","slug":"z-rozmachem-powitali-woz-strazacki","status":"publish","type":"post","link":"https:\/\/ostrowskatv.pl\/?p=12219","title":{"rendered":"Z rozmachem powitali w\u00f3z stra\u017cacki"},"content":{"rendered":"<p><strong>Nowy w\u00f3z do\u0142\u0105czy\u0142 do stra\u017cackiej rodziny w ramach jednostki Ochotniczej Stra\u017cy Po\u017carnej w Przygodzicach. Jest nim ci\u0119\u017cki samoch\u00f3d ratowniczo-ga\u015bniczy na podwoziu Scania P450 4\u00d74. Pod miejscow\u0105 remiz\u0119 przyjecha\u0142 w asy\u015bcie 10 woz\u00f3w zaprzyja\u017anionych jednostek. Na wje\u017adzie na parking ochotnicy zapalili race i odpalili wulkany (sztuczne ognie). Uroczysto\u015b\u0107 zgromadzi\u0142a mieszka\u0144c\u00f3w, kt\u00f3rzy ogl\u0105dali pierwszy chrzest wozu wykonany z w\u0119\u017cy ga\u015bniczych.<\/strong><\/p>\n<p><iframe loading=\"lazy\" title=\"Z rozmachem powitali w\u00f3z stra\u017cacki\" width=\"747\" height=\"420\" src=\"https:\/\/www.youtube.com\/embed\/BrtCJ3sGs74?feature=oembed\" frameborder=\"0\" allow=\"accelerometer; autoplay; clipboard-write; encrypted-media; gyroscope; picture-in-picture; web-share\" referrerpolicy=\"strict-origin-when-cross-origin\" allowfullscreen><\/iframe><\/p>\n<div id='gallery-1' class='gallery galleryid-12219 gallery-columns-3 gallery-size-thumbnail'><figure class='gallery-item'>\n\t\t\t<div class='gallery-icon landscape'>\n\t\t\t\t<a href='https:\/\/ostrowskatv.pl\/?attachment_id=12220'><img loading=\"lazy\" decoding=\"async\" width=\"150\" height=\"150\" src=\"https:\/\/ostrowskatv.pl\/wp-content\/uploads\/2020\/07\/woz_01-150x150.jpg\" class=\"attachment-thumbnail size-thumbnail\" alt=\"\" \/><\/a>\n\t\t\t<\/div><\/figure><figure class='gallery-item'>\n\t\t\t<div class='gallery-icon landscape'>\n\t\t\t\t<a href='https:\/\/ostrowskatv.pl\/?attachment_id=12221'><img loading=\"lazy\" decoding=\"async\" width=\"150\" height=\"150\" src=\"https:\/\/ostrowskatv.pl\/wp-content\/uploads\/2020\/07\/woz_02-150x150.jpg\" class=\"attachment-thumbnail size-thumbnail\" alt=\"\" \/><\/a>\n\t\t\t<\/div><\/figure><figure class='gallery-item'>\n\t\t\t<div class='gallery-icon landscape'>\n\t\t\t\t<a href='https:\/\/ostrowskatv.pl\/?attachment_id=12222'><img loading=\"lazy\" decoding=\"async\" width=\"150\" height=\"150\" src=\"https:\/\/ostrowskatv.pl\/wp-content\/uploads\/2020\/07\/woz_03-150x150.jpg\" class=\"attachment-thumbnail size-thumbnail\" alt=\"\" \/><\/a>\n\t\t\t<\/div><\/figure>\n\t\t<\/div>\n\n<table id=\"tablefield-0\" class=\"tablefield table cols-0\" data-striping=\"1\">\n<tbody class=\"table__body\">\n<tr class=\"table__row odd\">\n<td class=\"row_1 col_0 table__cell\">Moc silnika:<\/td>\n<td class=\"row_1 col_1 table__cell\">331 kW \/ 450 KM<\/td>\n<\/tr>\n<tr class=\"table__row even\">\n<td class=\"row_2 col_0 table__cell\">DMC:<\/td>\n<td class=\"row_2 col_1 table__cell\">22 000 kg<\/td>\n<\/tr>\n<tr class=\"table__row odd\">\n<td class=\"row_3 col_0 table__cell\">Kabina:<\/td>\n<td class=\"row_3 col_1 table__cell\">brygadowa, 6 osobowa w uk\u0142adzie siedze\u0144 1+1+4<\/td>\n<\/tr>\n<tr class=\"table__row even\">\n<td class=\"row_4 col_0 table__cell\">Uk\u0142ad nap\u0119dowy:<\/td>\n<td class=\"row_4 col_1 table__cell\">sta\u0142y 4\u00d74 \u2013 blokady mechanizm\u00f3w r\u00f3\u017cnicowych osi nap\u0119dowych i mechanizmu mi\u0119dzyosiowego<\/td>\n<\/tr>\n<tr class=\"table__row odd\">\n<td class=\"row_5 col_0 table__cell\">Zabudowa:<\/td>\n<td class=\"row_5 col_1 table__cell\">klasyczna, wykonana z profili zamkni\u0119tych ze stali nierdzewnej oraz aluminium, poszycie zewn\u0119trzne z g\u0142adkich blach aluminiowych<\/td>\n<\/tr>\n<tr class=\"table__row even\">\n<td class=\"row_6 col_0 table__cell\">Zbiorniki na \u015brodki ga\u015bnicze:<\/td>\n<td class=\"row_6 col_1 table__cell\">woda: 7000 dm<sup>3<\/sup><br \/>\n\u015brodek pianotw\u00f3rczy: 700 dm<sup>3<\/sup><\/td>\n<\/tr>\n<tr class=\"table__row odd\">\n<td class=\"row_7 col_0 table__cell\">Autopompa:<\/td>\n<td class=\"row_7 col_1 table__cell\">Godiva P2A 4010 typ A40\/8-2,5\/40<br \/>\nwydajno\u015b\u0107: 5200 dm<sup>3<\/sup>\/min. przy 8 bar (Hgs=1,5m)<br \/>\n390 dm<sup>3<\/sup>\/min. przy 40 bar<\/td>\n<\/tr>\n<tr class=\"table__row even\">\n<td class=\"row_8 col_0 table__cell\">Dozownik \u015brodka pianotw\u00f3rczego:<\/td>\n<td class=\"row_8 col_1 table__cell\">r\u0119czny lub automatyczny<\/td>\n<\/tr>\n<\/tbody>\n<\/table>\n","protected":false},"excerpt":{"rendered":"Nowy w\u00f3z do\u0142\u0105czy\u0142 do stra\u017cackiej rodziny w ramach jednostki Ochotniczej Stra\u017cy Po\u017carnej w Przygodzicach. Jest nim ci\u0119\u017cki samoch\u00f3d ratowniczo-ga\u015bniczy na podwoziu Scania P450 \n<a class=\"moretag\" href=\"https:\/\/ostrowskatv.pl\/?p=12219\"> [...]<\/a>","protected":false},"author":1,"featured_media":12221,"comment_status":"open","ping_status":"closed","sticky":false,"template":"","format":"standard","meta":{"footnotes":""},"categories":[1],"tags":[27],"class_list":["post-12219","post","type-post","status-publish","format-standard","has-post-thumbnail","hentry","category-news","tag-przygodzice"],"_links":{"self":[{"href":"https:\/\/ostrowskatv.pl\/index.php?rest_route=\/wp\/v2\/posts\/12219","targetHints":{"allow":["GET"]}}],"collection":[{"href":"https:\/\/ostrowskatv.pl\/index.php?rest_route=\/wp\/v2\/posts"}],"about":[{"href":"https:\/\/ostrowskatv.pl\/index.php?rest_route=\/wp\/v2\/types\/post"}],"author":[{"embeddable":true,"href":"https:\/\/ostrowskatv.pl\/index.php?rest_route=\/wp\/v2\/users\/1"}],"replies":[{"embeddable":true,"href":"https:\/\/ostrowskatv.pl\/index.php?rest_route=%2Fwp%2Fv2%2Fcomments&post=12219"}],"version-history":[{"count":0,"href":"https:\/\/ostrowskatv.pl\/index.php?rest_route=\/wp\/v2\/posts\/12219\/revisions"}],"wp:featuredmedia":[{"embeddable":true,"href":"https:\/\/ostrowskatv.pl\/index.php?rest_route=\/wp\/v2\/media\/12221"}],"wp:attachment":[{"href":"https:\/\/ostrowskatv.pl\/index.php?rest_route=%2Fwp%2Fv2%2Fmedia&parent=12219"}],"wp:term":[{"taxonomy":"category","embeddable":true,"href":"https:\/\/ostrowskatv.pl\/index.php?rest_route=%2Fwp%2Fv2%2Fcategories&post=12219"},{"taxonomy":"post_tag","embeddable":true,"href":"https:\/\/ostrowskatv.pl\/index.php?rest_route=%2Fwp%2Fv2%2Ftags&post=12219"}],"curies":[{"name":"wp","href":"https:\/\/api.w.org\/{rel}","templated":true}]}}