{"id":122,"date":"2016-01-05T18:20:05","date_gmt":"2016-01-05T17:20:05","guid":{"rendered":"http:\/\/ostrowska.tv\/?p=122"},"modified":"2016-01-05T18:35:27","modified_gmt":"2016-01-05T17:35:27","slug":"kornaszewski-vs-miasto-kto-ma-racje","status":"publish","type":"post","link":"https:\/\/ostrowskatv.pl\/?p=122","title":{"rendered":"Kornaszewski vs. miasto. Kto ma racj\u0119?"},"content":{"rendered":"<p><strong>W\u0142adze miasta nie zgadzaj\u0105 si\u0119 z zarzutami radnego Andrzeja Kornaszewskiego. Ten twierdzi, \u017ce MZGM zdecydowa\u0142 si\u0119 na inwestycj\u0119, kt\u00f3ra nie wpisuje si\u0119 w realizacj\u0119 Planu Gospodarki Niskoemisyjnej Ostrowa Wielkopolskiego.<\/strong><\/p>\n<p>Sprawa dotyczy monta\u017cu 45 piec\u00f3w w\u0119glowych przez MZGM w lokalach socjalnych. <strong>Andrzej Kornaszewski<\/strong> uwa\u017ca, \u017ce takie rozwi\u0105zanie generuje najbardziej szkodliwe substancje, kt\u00f3re trafiaj\u0105 p\u00f3\u017aniej do powietrza. W komentarzach popar\u0142o go wielu internaut\u00f3w. Co na to w\u0142adze miasta?<\/p>\n<p>&#8211; <em>Monta\u017c alternatywnych \u017ar\u00f3de\u0142 ogrzewania w budynkach socjalnych przy ul. Olszynowej i Zielonej spowodowany by\u0142 problemami z ich ogrzewaniem. Zastosowane w tych budynkach ogrzewanie elektryczne wi\u0105za\u0142o si\u0119 cz\u0119sto z bardzo du\u017cymi nak\u0142adami finansowymi dla ich u\u017cytkownik\u00f3w &#8211; nawet do 600 z\u0142otych miesi\u0119cznie. W momencie braku op\u0142aty za energi\u0119 lokatorzy tracili mo\u017cliwo\u015b\u0107 ogrzewania mieszkania. Sytuacja taka, r\u00f3wnie\u017c ze wzgl\u0119du na niskie temperatury, by\u0142a bardzo niebezpieczna dla zdrowia, a nawet \u017cycia mieszka\u0144c\u00f3w<\/em> \u2013 t\u0142umaczy nam <strong>Artur Ko\u0142aci\u0144ski<\/strong> z Urz\u0119du Miasta w Ostrowie Wielkopolskim.<\/p>\n<p>Nie jest to jednak jedyny pow\u00f3d decyzji o monta\u017cu piec\u00f3w w\u0119glowych. &#8211; <em>Ze wzgl\u0119du na brak mo\u017cliwo\u015bci ogrzania lokali oraz nieodpowiednie wietrzenie pomieszcze\u0144, wyst\u0119powa\u0142o ich zawilgocenie oraz powstawanie wewn\u0105trz przebarwie\u0144<\/em> \u2013 dodaje <strong>Ko\u0142aci\u0144ski<\/strong>.<\/p>\n<p>Po zamontowaniu alternatywnego ogrzewania u\u017cytkownicy lokali mieli uzyska\u0107 mo\u017cliwo\u015b\u0107 wyst\u0105pienia do Miejskiego O\u015brodka Pomocy Spo\u0142ecznej o zapomog\u0119 na zakup opa\u0142u w okresie grzewczym. Wiadomo r\u00f3wnie\u017c, \u017ce lokatorzy w okresie zimowym otrzymaj\u0105 wsparcie w postaci drewna uzyskanego z wycinek. Warto przypomnie\u0107, \u017ce lokale socjalne zajmuj\u0105 osoby o najni\u017cszych dochodach, a tak\u017ce osoby korzystaj\u0105ce z pomocy opieki spo\u0142ecznej.<\/p>\n<p>Radny <strong>Kornaszewski<\/strong> zasugerowa\u0142 r\u00f3wnie\u017c, \u017ce bardziej op\u0142acalnym rozwi\u0105zaniem by\u0142o dostarczenie do obu budynk\u00f3w miejskiego ciep\u0142a. W tym przypadku miasto ma zupe\u0142nie inne spojrzenie na ca\u0142\u0105 sytuacj\u0119. &#8211; <em>Takie rozwi\u0105zanie by\u0142o omawiane, jednak doprowadzenie sieci cieplnej do wspomnianych budynk\u00f3w wi\u0105za\u0142oby si\u0119 z ogromnymi kosztami samej budowy oraz obs\u0142ugi sieci<\/em> \u2013 przekonuje <strong>Artur Ko\u0142aci\u0144ski<\/strong> z UM w Ostrowie Wielkopolskim.<\/p>\n<p>Aktualnie znamy ju\u017c zatem stanowiska obu stron. <strong>Kto w ma racj\u0119?<\/strong><\/p>\n","protected":false},"excerpt":{"rendered":"W\u0142adze miasta nie zgadzaj\u0105 si\u0119 z zarzutami radnego Andrzeja Kornaszewskiego. Ten twierdzi, \u017ce MZGM zdecydowa\u0142 si\u0119 na inwestycj\u0119, kt\u00f3ra nie wpisuje si\u0119 w \n<a class=\"moretag\" href=\"https:\/\/ostrowskatv.pl\/?p=122\"> [...]<\/a>","protected":false},"author":1,"featured_media":123,"comment_status":"open","ping_status":"open","sticky":false,"template":"","format":"standard","meta":{"footnotes":""},"categories":[1],"tags":[2],"class_list":["post-122","post","type-post","status-publish","format-standard","has-post-thumbnail","hentry","category-news","tag-ostrow-wielkopolski"],"_links":{"self":[{"href":"https:\/\/ostrowskatv.pl\/index.php?rest_route=\/wp\/v2\/posts\/122","targetHints":{"allow":["GET"]}}],"collection":[{"href":"https:\/\/ostrowskatv.pl\/index.php?rest_route=\/wp\/v2\/posts"}],"about":[{"href":"https:\/\/ostrowskatv.pl\/index.php?rest_route=\/wp\/v2\/types\/post"}],"author":[{"embeddable":true,"href":"https:\/\/ostrowskatv.pl\/index.php?rest_route=\/wp\/v2\/users\/1"}],"replies":[{"embeddable":true,"href":"https:\/\/ostrowskatv.pl\/index.php?rest_route=%2Fwp%2Fv2%2Fcomments&post=122"}],"version-history":[{"count":0,"href":"https:\/\/ostrowskatv.pl\/index.php?rest_route=\/wp\/v2\/posts\/122\/revisions"}],"wp:featuredmedia":[{"embeddable":true,"href":"https:\/\/ostrowskatv.pl\/index.php?rest_route=\/wp\/v2\/media\/123"}],"wp:attachment":[{"href":"https:\/\/ostrowskatv.pl\/index.php?rest_route=%2Fwp%2Fv2%2Fmedia&parent=122"}],"wp:term":[{"taxonomy":"category","embeddable":true,"href":"https:\/\/ostrowskatv.pl\/index.php?rest_route=%2Fwp%2Fv2%2Fcategories&post=122"},{"taxonomy":"post_tag","embeddable":true,"href":"https:\/\/ostrowskatv.pl\/index.php?rest_route=%2Fwp%2Fv2%2Ftags&post=122"}],"curies":[{"name":"wp","href":"https:\/\/api.w.org\/{rel}","templated":true}]}}