{"id":12199,"date":"2020-07-09T15:38:14","date_gmt":"2020-07-09T14:38:14","guid":{"rendered":"http:\/\/ostrowska.tv\/?p=12199"},"modified":"2020-07-09T15:38:14","modified_gmt":"2020-07-09T14:38:14","slug":"zanieczyszczona-barycz-ustalenia-instytucji","status":"publish","type":"post","link":"https:\/\/ostrowskatv.pl\/?p=12199","title":{"rendered":"Zanieczyszczona Barycz &#8211; ustalenia instytucji"},"content":{"rendered":"<p><strong>W zwi\u0105zku z zanieczyszczeniem rzeki Barycz trwaj\u0105 dzia\u0142ania wyja\u015bniaj\u0105ce. Zawiadomiona zosta\u0142a prokuratura okr\u0119gowa w Ostrowie Wielkopolskim, a dzia\u0142ania terenowe przeprowadzone zosta\u0142y przez delegatur\u0119 Wojew\u00f3dzkiego Inspektoratu Ochrony \u015arodowiska i Centralne Laboratorium Badawcze GIO\u015a. Wojewoda wielkopolski \u0141ukasz Miko\u0142ajczyk jest w sta\u0142ym kontakcie z wojewod\u0105 dolno\u015bl\u0105skim Jaros\u0142awem Obremskim.\u00a0<\/strong><\/p>\n<div id='gallery-1' class='gallery galleryid-12199 gallery-columns-3 gallery-size-thumbnail'><figure class='gallery-item'>\n\t\t\t<div class='gallery-icon landscape'>\n\t\t\t\t<a href='https:\/\/ostrowskatv.pl\/?attachment_id=12200'><img loading=\"lazy\" decoding=\"async\" width=\"150\" height=\"150\" src=\"https:\/\/ostrowskatv.pl\/wp-content\/uploads\/2020\/07\/wios_odolanow3-150x150.jpg\" class=\"attachment-thumbnail size-thumbnail\" alt=\"\" \/><\/a>\n\t\t\t<\/div><\/figure><figure class='gallery-item'>\n\t\t\t<div class='gallery-icon landscape'>\n\t\t\t\t<a href='https:\/\/ostrowskatv.pl\/?attachment_id=12201'><img loading=\"lazy\" decoding=\"async\" width=\"150\" height=\"150\" src=\"https:\/\/ostrowskatv.pl\/wp-content\/uploads\/2020\/07\/wios_odolanow2-150x150.jpg\" class=\"attachment-thumbnail size-thumbnail\" alt=\"\" \/><\/a>\n\t\t\t<\/div><\/figure><figure class='gallery-item'>\n\t\t\t<div class='gallery-icon landscape'>\n\t\t\t\t<a href='https:\/\/ostrowskatv.pl\/?attachment_id=12202'><img loading=\"lazy\" decoding=\"async\" width=\"150\" height=\"150\" src=\"https:\/\/ostrowskatv.pl\/wp-content\/uploads\/2020\/07\/wios_odolanow-150x150.jpg\" class=\"attachment-thumbnail size-thumbnail\" alt=\"\" \/><\/a>\n\t\t\t<\/div><\/figure>\n\t\t<\/div>\n\n<p>Na terenie gminy Odolano\u0301w p\u0142ynie rzeka Barycz, do kt\u00f3rej wp\u0142ywaj\u0105\u0328 \u2013 od p\u00f3\u0142nocy \u2013 rzeka Kuroch, a od po\u0142udnia m.in. Z\u0142otnica i Olszo\u0301wka. Obszary pomi\u0119dzy tymi rzekami sa\u0328 ro\u0301wninne i podmok\u0142e, a po opadach deszczu w dniu 30 czerwca i 1 lipca \u2013 zalane wodami opadowymi. W wodach tych rzek stwierdzono przede wszystkim bardzo ma\u0142a\u0328 zawartos\u0301c\u0301 tlenu (ok 1 mg\/l) oraz podwyz\u0307szona\u0328 zawartos\u0301c\u0301 substancji organicznych, kt\u00f3re spowodowa\u0142y deficyt tlenu.<\/p>\n<p>Wydzia\u0142 zarz\u0105dzania kryzysowego Wielkopolskiego Urz\u0119du Wojew\u00f3dzkiego wykona\u0142 naloty dronem nad terenem Odolanowa, a prokuratura okr\u0119gowa w Ostrowie Wielkopolskim zleci\u0142a ostrowskiej policji przeprowadzenie czynno\u015bci, kt\u00f3re 8 lipca skupi\u0142y si\u0119\u0328 na obszarze Kurochu i Baryczy, a 9 lipca \u2013 w rejonie zlewni Olszo\u0301wki i okolicznej ubojni drobiu.<\/p>\n<p><strong>To w\u0142a\u015bnie w po\u0142owie czerwca mia\u0142o doj\u015b\u0107 do awaryjnego zrzutu g\u0119stej mazi b\u0119d\u0105cej pozosta\u0142o\u015bci\u0105 po ubojni kurcz\u0105t. Ma\u017a wp\u0142yn\u0119\u0142a do kana\u0142u \u015awieca, a dalej do Baryczy. O tym fakcie WIO\u015a otrzyma\u0142 informacj\u0119 dopiero dzi\u015b rano. Filmik z incydentu by\u0142 ju\u017c udost\u0119pniony na Facebooku w grupie Odolan\u00f3w w dn. 15 czerwca.<\/strong><\/p>\n<p><em>&#8211; Bazuj\u0105c na wynikach nalot\u00f3w dronem ustalili\u015bmy, z\u0307e g\u0142\u00f3wnym \u017ar\u00f3d\u0142em zanieczyszczenia w\u00f3d Baryczy s\u0105\u0328 pola i \u0142a\u0328ki pomi\u0119dzy Kurochem, Barycza\u0328 i Z\u0142otnica\u0328. Na tym terenie, o powierzchni kilkunastu kilometr\u00f3w stwierdzono zalania i podtopienia na skutek intensywnych opad\u00f3w deszczu. Woda stagnuje na tym terenie co najmniej od ko\u0144ca czerwca, co spowodowa\u0142o gnicie ro\u015blinno\u015bci, traw, upraw i skoszonych traw, dodatkowo podtopione zosta\u0142y wyst\u0119puj\u0105ce na tym terenie pryzmy obornika\u00a0<\/em>\u2013 t\u0142umaczy wojewoda wielkopolski \u0141ukasz Miko\u0142ajczyk.<\/p>\n<p>Wed\u0142ug wojew\u00f3dzkiej inspekcji ochrony \u015brodowiska, podtopienia s\u0105 niezale\u017cne od dzia\u0142a\u0144 czy zaniecha\u0144 rolnik\u00f3w, kt\u00f3rzy za wskazane obszary odpowiadaj\u0105. W tej sprawie zostan\u0105 przeprowadzone kontrole, kt\u00f3re pozwola\u0328 ocenic\u0301 czy rolnicy ci naruszali przepisy dotycz\u0105ce ochrony w\u00f3d przed zanieczyszczeniami pochodzenia rolniczego. Jednym ze \u017ar\u00f3de\u0142 zanieczyszczenia mo\u017ce by\u0107 jedna z okolicznych firm eksploatuj\u0105ca w tym rejonie oczyszczalnie \u015bciek\u00f3w. Obecnie s\u0105 prowadzone czynno\u015bci kontrolne, kt\u00f3re okre\u015bl\u0105 wp\u0142yw zak\u0142adu na poziom zanieczyszczenia.<\/p>\n","protected":false},"excerpt":{"rendered":"W zwi\u0105zku z zanieczyszczeniem rzeki Barycz trwaj\u0105 dzia\u0142ania wyja\u015bniaj\u0105ce. Zawiadomiona zosta\u0142a prokuratura okr\u0119gowa w Ostrowie Wielkopolskim, a dzia\u0142ania terenowe przeprowadzone zosta\u0142y przez delegatur\u0119 \n<a class=\"moretag\" href=\"https:\/\/ostrowskatv.pl\/?p=12199\"> [...]<\/a>","protected":false},"author":1,"featured_media":12202,"comment_status":"open","ping_status":"closed","sticky":false,"template":"","format":"standard","meta":{"footnotes":""},"categories":[1],"tags":[92],"class_list":["post-12199","post","type-post","status-publish","format-standard","has-post-thumbnail","hentry","category-news","tag-gm-odolanow"],"_links":{"self":[{"href":"https:\/\/ostrowskatv.pl\/index.php?rest_route=\/wp\/v2\/posts\/12199","targetHints":{"allow":["GET"]}}],"collection":[{"href":"https:\/\/ostrowskatv.pl\/index.php?rest_route=\/wp\/v2\/posts"}],"about":[{"href":"https:\/\/ostrowskatv.pl\/index.php?rest_route=\/wp\/v2\/types\/post"}],"author":[{"embeddable":true,"href":"https:\/\/ostrowskatv.pl\/index.php?rest_route=\/wp\/v2\/users\/1"}],"replies":[{"embeddable":true,"href":"https:\/\/ostrowskatv.pl\/index.php?rest_route=%2Fwp%2Fv2%2Fcomments&post=12199"}],"version-history":[{"count":0,"href":"https:\/\/ostrowskatv.pl\/index.php?rest_route=\/wp\/v2\/posts\/12199\/revisions"}],"wp:featuredmedia":[{"embeddable":true,"href":"https:\/\/ostrowskatv.pl\/index.php?rest_route=\/wp\/v2\/media\/12202"}],"wp:attachment":[{"href":"https:\/\/ostrowskatv.pl\/index.php?rest_route=%2Fwp%2Fv2%2Fmedia&parent=12199"}],"wp:term":[{"taxonomy":"category","embeddable":true,"href":"https:\/\/ostrowskatv.pl\/index.php?rest_route=%2Fwp%2Fv2%2Fcategories&post=12199"},{"taxonomy":"post_tag","embeddable":true,"href":"https:\/\/ostrowskatv.pl\/index.php?rest_route=%2Fwp%2Fv2%2Ftags&post=12199"}],"curies":[{"name":"wp","href":"https:\/\/api.w.org\/{rel}","templated":true}]}}