{"id":12168,"date":"2020-07-06T12:20:21","date_gmt":"2020-07-06T11:20:21","guid":{"rendered":"http:\/\/ostrowska.tv\/?p=12168"},"modified":"2020-07-06T12:20:21","modified_gmt":"2020-07-06T11:20:21","slug":"koronawirus-na-weselu-zarazila-sie-m-in-urzedniczka","status":"publish","type":"post","link":"https:\/\/ostrowskatv.pl\/?p=12168","title":{"rendered":"Koronawirus na weselu. Zarazi\u0142a si\u0119 m.in. urz\u0119dniczka"},"content":{"rendered":"<p><strong>To mia\u0142 by\u0107 najwspanialszy dzie\u0144 w \u017cyciu m\u0142odej pary. Po niepewnych miesi\u0105cach zwi\u0105zanych z pandemi\u0105, nadszed\u0142 moment na pobranie si\u0119 m\u0142odej pary. 20 czerwca pod Ostrzeszowem odby\u0142o si\u0119 wesele na oko\u0142o 90 os\u00f3b. Wzi\u0119li w nim udzia\u0142 tak\u017ce mieszka\u0144cy z powiatu ostrowskiego.\u00a0<\/strong><\/p>\n<p>Jeden z uczestnik\u00f3w przyszed\u0142 z gor\u0105czk\u0105. Nie chcia\u0142 odpu\u015bci\u0107 zapowiadaj\u0105cej si\u0119 dobrej zabawy. Przez swoje nieodpowiednie zachowanie podzieli\u0142 si\u0119 koronawirusem z innymi osobami.<\/p>\n<p>30 czerwca (wtorek) ostrzeszowski Sanepid poinformowa\u0142 sw\u00f3j odpowiednik w Ostrowie Wielkopolskim o uczestnikach feralnego wesela. &#8211; Do 2 lipca jedna z podejrzanych os\u00f3b chodzi\u0142a jeszcze do pracy w Urz\u0119dzie Gminy w Odolanowie. &#8211; poinformowa\u0142 burmistrz gminy i miasta Odolan\u00f3w Marian Janicki. Wsp\u00f3\u0142pracownicy kobiety byli zaniepokojeni wyra\u017anymi objawami infekcji, kt\u00f3re latem nale\u017c\u0105 do rzadko\u015bci. W czwartek pobrano od kobiety wymaz, a dwa dni p\u00f3\u017aniej wynik testu na obecno\u015b\u0107 koronawirusa okaza\u0142 si\u0119 dodatni.<\/p>\n<p>Dwie urz\u0119dniczki ze wsp\u00f3lnego biura podda\u0142y si\u0119 oddolnej kwarantannie, zanim zosta\u0142y obj\u0119te przez Sanepid tym ograniczeniem. Dodatkowo zarz\u0105dzono obj\u0119cie kwarantann\u0105 urz\u0119dnika, kt\u00f3ra przemieszcza\u0142 si\u0119 pomi\u0119dzy pokojami. Tu nale\u017cy podkre\u015bli\u0107, \u017ce m\u00f3g\u0142 te\u017c dalej roznosi\u0107 wirusa.<\/p>\n<p>Na ten moment cztery osoby z powiatu ostrowskiego, maj\u0105ce zwi\u0105zek z weselem, maj\u0105 wyniki dodatnie. Burmistrz z Odolanowa nie chc\u0105c czeka\u0107 na badanie, kt\u00f3re zapewne zleci Sanepid, chcia\u0142 wys\u0142a\u0107 jutro troje urz\u0119dnik\u00f3w na prywatny test. To prawdopodobnie nie dojdzie do skutku, bo ju\u017c dzi\u015b ostrowski Sanepid obejmie ich \u015bcis\u0142\u0105 kwarantann\u0105.<\/p>\n","protected":false},"excerpt":{"rendered":"To mia\u0142 by\u0107 najwspanialszy dzie\u0144 w \u017cyciu m\u0142odej pary. Po niepewnych miesi\u0105cach zwi\u0105zanych z pandemi\u0105, nadszed\u0142 moment na pobranie si\u0119 m\u0142odej pary. 20 \n<a class=\"moretag\" href=\"https:\/\/ostrowskatv.pl\/?p=12168\"> [...]<\/a>","protected":false},"author":1,"featured_media":12169,"comment_status":"open","ping_status":"closed","sticky":false,"template":"","format":"standard","meta":{"footnotes":""},"categories":[1],"tags":[195],"class_list":["post-12168","post","type-post","status-publish","format-standard","has-post-thumbnail","hentry","category-news","tag-koronawirus"],"_links":{"self":[{"href":"https:\/\/ostrowskatv.pl\/index.php?rest_route=\/wp\/v2\/posts\/12168","targetHints":{"allow":["GET"]}}],"collection":[{"href":"https:\/\/ostrowskatv.pl\/index.php?rest_route=\/wp\/v2\/posts"}],"about":[{"href":"https:\/\/ostrowskatv.pl\/index.php?rest_route=\/wp\/v2\/types\/post"}],"author":[{"embeddable":true,"href":"https:\/\/ostrowskatv.pl\/index.php?rest_route=\/wp\/v2\/users\/1"}],"replies":[{"embeddable":true,"href":"https:\/\/ostrowskatv.pl\/index.php?rest_route=%2Fwp%2Fv2%2Fcomments&post=12168"}],"version-history":[{"count":0,"href":"https:\/\/ostrowskatv.pl\/index.php?rest_route=\/wp\/v2\/posts\/12168\/revisions"}],"wp:featuredmedia":[{"embeddable":true,"href":"https:\/\/ostrowskatv.pl\/index.php?rest_route=\/wp\/v2\/media\/12169"}],"wp:attachment":[{"href":"https:\/\/ostrowskatv.pl\/index.php?rest_route=%2Fwp%2Fv2%2Fmedia&parent=12168"}],"wp:term":[{"taxonomy":"category","embeddable":true,"href":"https:\/\/ostrowskatv.pl\/index.php?rest_route=%2Fwp%2Fv2%2Fcategories&post=12168"},{"taxonomy":"post_tag","embeddable":true,"href":"https:\/\/ostrowskatv.pl\/index.php?rest_route=%2Fwp%2Fv2%2Ftags&post=12168"}],"curies":[{"name":"wp","href":"https:\/\/api.w.org\/{rel}","templated":true}]}}