{"id":12141,"date":"2020-07-05T08:30:29","date_gmt":"2020-07-05T07:30:29","guid":{"rendered":"http:\/\/ostrowska.tv\/?p=12141"},"modified":"2020-07-05T08:30:29","modified_gmt":"2020-07-05T07:30:29","slug":"rafal-trzaskowski-jednak-za-adopcja-dzieci-przez-zwiazki-homoseksualne","status":"publish","type":"post","link":"https:\/\/ostrowskatv.pl\/?p=12141","title":{"rendered":"Rafa\u0142 Trzaskowski jednak za adopcj\u0105 dzieci przez zwi\u0105zki homoseksualne?"},"content":{"rendered":"<p><strong>Kandydat na prezydenta Polski Rafa\u0142 Trzaskowski odwiedzi\u0142 w sobot\u0119 Kalisz oraz Ostrzesz\u00f3w. Na tamtejszych rynkach zgromadzi\u0142y si\u0119 grupy sympatyk\u00f3w z regionu, o czym \u015bwiadcz\u0105 transparenty zwi\u0105zane m.in. z Ostrowem. Jedna z wyborczych zapowiedzi spotka\u0142a si\u0119 z reakcj\u0105 sztabu kontrkandydata oraz rzecznik Lewicy. Chodzi o mo\u017cliwo\u015b\u0107 adopcji dzieci przez osoby homoseksualne.<\/strong><\/p>\n<blockquote><p>Rafa\u0142 Trzaskowski o\u015bwiadczy\u0142, \u017ce jest przeciw adopcji dzieci przez pary jednop\u0142ciowe i jak mu si\u0119 wydaje, jest to stanowisko wi\u0119kszo\u015bci partii politycznych.<\/p><\/blockquote>\n<p>Sztab kontrkandydata Andrzeja Dudy oraz rzecznik partii Lewica zweryfikowali te s\u0142owa. Zajrzeli do ustawy z\u0142o\u017conej przez Platform\u0119 Obywatelsk\u0105 w 2018 r., na kt\u00f3r\u0105 powo\u0142ywa\u0142 si\u0119 Trzaskowski. Jest w niej zapis, kt\u00f3ry dopuszcza adopcj\u0119 dzieci przez osoby tej samej p\u0142ci.<\/p>\n<blockquote><p>&#8222;Przedstawi\u0119 projekt ustawy o zwi\u0105zkach partnerskich, zgodny z za\u0142o\u017ceniami poselskiego projektu z\u0142o\u017conego do Sejmu w poprzedniej kadencji&#8221; &#8211; powiedzia\u0142 Trzaskowski<\/p><\/blockquote>\n<p>W punkcie 1 artyku\u0142u 17 tego projektu czytamy, \u017ce &#8222;partner mo\u017ce przysposobi\u0107 zst\u0119pnego drugiego partnera, w pierwszym stopniu pokrewie\u0144stwa, na zasadach okre\u015blonych&#8221; we wskazanych zapisach Kodeksu rodzinnego i opieku\u0144czego.<\/p>\n<p>Oznacza to, \u017ce jedno z partner\u00f3w mog\u0142oby przysposobi\u0107 dziecko drugiego partnera.<\/p>\n<p><strong>Wed\u0142ug Jana Kanthaka ze sztabu Andrzeja Dudy, przysposobienie &#8222;to jest legalna definicja adopcji&#8221;.<\/strong><\/p>\n<p>&#8222;W programie Rafa\u0142a Trzaskowskiego znalaz\u0142o si\u0119 przyzwolenie i zgoda na adopcj\u0119 przez pary homoseksualne&#8221; &#8211; og\u0142osi\u0142 Kanthak, dodaj\u0105c: &#8222;To jest ustawodawczy plan (wiceprezydenta Warszawy Paw\u0142a) Rabieja, kt\u00f3ry zawiera\u0142, \u017ce \u2018najpierw zwi\u0105zki partnerskie, p\u00f3\u017aniej zwi\u0105zki homoseksualne, a na ko\u0144cu &gt;homoadopcje&lt;\u2019&#8221;. &#8211; cytuje RMF24.pl<\/p>\n<p>&#8222;I stawiamy pytanie, czy Rafa\u0142 Trzaskowski nie zna swojego programu, poniewa\u017c pisa\u0142 to na przyk\u0142ad Donald Tusk albo Borys Budka, czy po prostu jest cykorem i boi si\u0119 swoich pogl\u0105d\u00f3w, i na ka\u017cdym kroku stara si\u0119 ukrywa\u0107 swoje prawdziwe pogl\u0105dy na niezwykle istotne sprawy spo\u0142eczne?&#8221; &#8211; pyta\u0142 Jan Kanthak cytowany przez RMF24.<\/p>\n<p>Pose\u0142 Pawe\u0142 Lisiecki przypomnia\u0142 z kolei, \u017ce na pocz\u0105tku 2019 roku Rafa\u0142 Trzaskowski jako prezydent Warszawy podpisa\u0142 Kart\u0119 LGBT, co &#8211; wed\u0142ug niego &#8211; wzbudzi\u0142o obawy i w\u0105tpliwo\u015bci znacznej cz\u0119\u015bci rodzic\u00f3w.<\/p>\n<p>Janusz Kowalski, pose\u0142 PiS zauwa\u017ca, \u017ce kandydat Koalicji zabiega teraz o g\u0142osy wyborc\u00f3w Szymona Ho\u0142owni, kt\u00f3ry podczas debaty prezydenckiej przed I tur\u0105 wybor\u00f3w &#8222;powiedzia\u0142 zdecydowane \u2018nie\u2019 adopcji dzieci przez pary homoseksualne&#8221;.<\/p>\n<p>Natomiast rzeczniczka Lewicy Anna Maria \u017bukowska odnios\u0142a si\u0119 do s\u0142\u00f3w Rafa\u0142a Trzaskowskiego:<\/p>\n<blockquote><p>\u201eAlbo Pan nie zna swojego programu, albo tre\u015bci zapowiadanej ustawy. Jest jeszcze inna ewentualno\u015b\u0107: \u015bciemnia Pan\u201d \u2013 napisa\u0142a na Twitterze.<\/p><\/blockquote>\n<div id='gallery-1' class='gallery galleryid-12141 gallery-columns-3 gallery-size-thumbnail'><figure class='gallery-item'>\n\t\t\t<div class='gallery-icon landscape'>\n\t\t\t\t<a href='https:\/\/ostrowskatv.pl\/?attachment_id=12146'><img loading=\"lazy\" decoding=\"async\" width=\"150\" height=\"150\" src=\"https:\/\/ostrowskatv.pl\/wp-content\/uploads\/2020\/07\/IMG_20200704_131734-01-150x150.jpeg\" class=\"attachment-thumbnail size-thumbnail\" alt=\"\" \/><\/a>\n\t\t\t<\/div><\/figure><figure class='gallery-item'>\n\t\t\t<div class='gallery-icon landscape'>\n\t\t\t\t<a href='https:\/\/ostrowskatv.pl\/?attachment_id=12145'><img loading=\"lazy\" decoding=\"async\" width=\"150\" height=\"150\" src=\"https:\/\/ostrowskatv.pl\/wp-content\/uploads\/2020\/07\/IMG_20200704_132308-01-150x150.jpeg\" class=\"attachment-thumbnail size-thumbnail\" alt=\"\" \/><\/a>\n\t\t\t<\/div><\/figure><figure class='gallery-item'>\n\t\t\t<div class='gallery-icon landscape'>\n\t\t\t\t<a href='https:\/\/ostrowskatv.pl\/?attachment_id=12144'><img loading=\"lazy\" decoding=\"async\" width=\"150\" height=\"150\" src=\"https:\/\/ostrowskatv.pl\/wp-content\/uploads\/2020\/07\/IMG_20200704_102517-01-150x150.jpeg\" class=\"attachment-thumbnail size-thumbnail\" alt=\"\" \/><\/a>\n\t\t\t<\/div><\/figure><figure class='gallery-item'>\n\t\t\t<div class='gallery-icon landscape'>\n\t\t\t\t<a href='https:\/\/ostrowskatv.pl\/?attachment_id=12143'><img loading=\"lazy\" decoding=\"async\" width=\"150\" height=\"150\" src=\"https:\/\/ostrowskatv.pl\/wp-content\/uploads\/2020\/07\/IMG_20200704_104431-01-150x150.jpeg\" class=\"attachment-thumbnail size-thumbnail\" alt=\"\" \/><\/a>\n\t\t\t<\/div><\/figure><figure class='gallery-item'>\n\t\t\t<div class='gallery-icon landscape'>\n\t\t\t\t<a href='https:\/\/ostrowskatv.pl\/?attachment_id=12142'><img loading=\"lazy\" decoding=\"async\" width=\"150\" height=\"150\" src=\"https:\/\/ostrowskatv.pl\/wp-content\/uploads\/2020\/07\/IMG_20200704_104440-01-150x150.jpeg\" class=\"attachment-thumbnail size-thumbnail\" alt=\"\" \/><\/a>\n\t\t\t<\/div><\/figure>\n\t\t<\/div>\n\n","protected":false},"excerpt":{"rendered":"Kandydat na prezydenta Polski Rafa\u0142 Trzaskowski odwiedzi\u0142 w sobot\u0119 Kalisz oraz Ostrzesz\u00f3w. Na tamtejszych rynkach zgromadzi\u0142y si\u0119 grupy sympatyk\u00f3w z regionu, o czym \n<a class=\"moretag\" href=\"https:\/\/ostrowskatv.pl\/?p=12141\"> [...]<\/a>","protected":false},"author":1,"featured_media":12143,"comment_status":"open","ping_status":"closed","sticky":false,"template":"","format":"standard","meta":{"footnotes":""},"categories":[1],"tags":[24],"class_list":["post-12141","post","type-post","status-publish","format-standard","has-post-thumbnail","hentry","category-news","tag-polityka"],"_links":{"self":[{"href":"https:\/\/ostrowskatv.pl\/index.php?rest_route=\/wp\/v2\/posts\/12141","targetHints":{"allow":["GET"]}}],"collection":[{"href":"https:\/\/ostrowskatv.pl\/index.php?rest_route=\/wp\/v2\/posts"}],"about":[{"href":"https:\/\/ostrowskatv.pl\/index.php?rest_route=\/wp\/v2\/types\/post"}],"author":[{"embeddable":true,"href":"https:\/\/ostrowskatv.pl\/index.php?rest_route=\/wp\/v2\/users\/1"}],"replies":[{"embeddable":true,"href":"https:\/\/ostrowskatv.pl\/index.php?rest_route=%2Fwp%2Fv2%2Fcomments&post=12141"}],"version-history":[{"count":0,"href":"https:\/\/ostrowskatv.pl\/index.php?rest_route=\/wp\/v2\/posts\/12141\/revisions"}],"wp:featuredmedia":[{"embeddable":true,"href":"https:\/\/ostrowskatv.pl\/index.php?rest_route=\/wp\/v2\/media\/12143"}],"wp:attachment":[{"href":"https:\/\/ostrowskatv.pl\/index.php?rest_route=%2Fwp%2Fv2%2Fmedia&parent=12141"}],"wp:term":[{"taxonomy":"category","embeddable":true,"href":"https:\/\/ostrowskatv.pl\/index.php?rest_route=%2Fwp%2Fv2%2Fcategories&post=12141"},{"taxonomy":"post_tag","embeddable":true,"href":"https:\/\/ostrowskatv.pl\/index.php?rest_route=%2Fwp%2Fv2%2Ftags&post=12141"}],"curies":[{"name":"wp","href":"https:\/\/api.w.org\/{rel}","templated":true}]}}