{"id":12136,"date":"2020-07-04T13:11:39","date_gmt":"2020-07-04T12:11:39","guid":{"rendered":"http:\/\/ostrowska.tv\/?p=12136"},"modified":"2020-07-04T13:28:17","modified_gmt":"2020-07-04T12:28:17","slug":"czolowe-zderzenie-kolo-tartaku-w-antoninie","status":"publish","type":"post","link":"https:\/\/ostrowskatv.pl\/?p=12136","title":{"rendered":"Czo\u0142owe zderzenie ko\u0142o tartaku w Antoninie"},"content":{"rendered":"<p><strong>Do czo\u0142owego zderzenia dosz\u0142o przed godzin\u0105 14.00 w Antoninie ko\u0142o tartaku. W wypadku bior\u0105 udzia\u0142 samoch\u00f3d osobowy i bus. <\/strong><\/p>\n<p>W zderzeniu bior\u0105 udzia\u0142 Skoda Fabia kombi na rejestracjach SBE oraz Volkswagen na DB. Busem podr\u00f3\u017cowa\u0142y dwie osoby i wst\u0119pnie maj\u0105 lekkie urazy nogi.<br \/>\nOsob\u00f3wk\u0105 r\u00f3wnie\u017c podr\u00f3\u017cowa\u0142y 2 osoby z czego jedn\u0105 po\u0142o\u017cono na noszach. Pozosta\u0142e s\u0105 w pozycji siedz\u0105cej. <\/p>\n<p>Bus jecha\u0142 w stron\u0119 Ostrowa. Na tym samym pasie zatrzymywa\u0142y si\u0119 auta, poniewa\u017c jedno z nich chcia\u0142o skr\u0119ci\u0107 w lewo. Kierowca busa widz\u0105c, \u017ce nie wyhamuje odbi\u0142 w lewo i zderzy\u0142 si\u0119 czo\u0142owo \u017ce Skod\u0105 jad\u0105c\u0105 z przeciwka. <\/p>\n<p>Oboma pojazdami podr\u00f3\u017cowali m\u0119\u017cczy\u017ani. <\/p>\n<div id='gallery-1' class='gallery galleryid-12136 gallery-columns-3 gallery-size-thumbnail'><figure class='gallery-item'>\n\t\t\t<div class='gallery-icon landscape'>\n\t\t\t\t<a href='https:\/\/ostrowskatv.pl\/?attachment_id=12135'><img loading=\"lazy\" decoding=\"async\" width=\"150\" height=\"150\" src=\"https:\/\/ostrowskatv.pl\/wp-content\/uploads\/2020\/07\/IMG_20200704_140542-01-150x150.jpeg\" class=\"attachment-thumbnail size-thumbnail\" alt=\"\" \/><\/a>\n\t\t\t<\/div><\/figure><figure class='gallery-item'>\n\t\t\t<div class='gallery-icon landscape'>\n\t\t\t\t<a href='https:\/\/ostrowskatv.pl\/?attachment_id=12134'><img loading=\"lazy\" decoding=\"async\" width=\"150\" height=\"150\" src=\"https:\/\/ostrowskatv.pl\/wp-content\/uploads\/2020\/07\/IMG_20200704_140536-01-150x150.jpeg\" class=\"attachment-thumbnail size-thumbnail\" alt=\"\" \/><\/a>\n\t\t\t<\/div><\/figure>\n\t\t<\/div>\n\n","protected":false},"excerpt":{"rendered":"Do czo\u0142owego zderzenia dosz\u0142o przed godzin\u0105 14.00 w Antoninie ko\u0142o tartaku. W wypadku bior\u0105 udzia\u0142 samoch\u00f3d osobowy i bus. W zderzeniu bior\u0105 udzia\u0142 \n<a class=\"moretag\" href=\"https:\/\/ostrowskatv.pl\/?p=12136\"> [...]<\/a>","protected":false},"author":1,"featured_media":12135,"comment_status":"open","ping_status":"closed","sticky":false,"template":"","format":"standard","meta":{"footnotes":""},"categories":[1],"tags":[82],"class_list":["post-12136","post","type-post","status-publish","format-standard","has-post-thumbnail","hentry","category-news","tag-antonin"],"_links":{"self":[{"href":"https:\/\/ostrowskatv.pl\/index.php?rest_route=\/wp\/v2\/posts\/12136","targetHints":{"allow":["GET"]}}],"collection":[{"href":"https:\/\/ostrowskatv.pl\/index.php?rest_route=\/wp\/v2\/posts"}],"about":[{"href":"https:\/\/ostrowskatv.pl\/index.php?rest_route=\/wp\/v2\/types\/post"}],"author":[{"embeddable":true,"href":"https:\/\/ostrowskatv.pl\/index.php?rest_route=\/wp\/v2\/users\/1"}],"replies":[{"embeddable":true,"href":"https:\/\/ostrowskatv.pl\/index.php?rest_route=%2Fwp%2Fv2%2Fcomments&post=12136"}],"version-history":[{"count":0,"href":"https:\/\/ostrowskatv.pl\/index.php?rest_route=\/wp\/v2\/posts\/12136\/revisions"}],"wp:featuredmedia":[{"embeddable":true,"href":"https:\/\/ostrowskatv.pl\/index.php?rest_route=\/wp\/v2\/media\/12135"}],"wp:attachment":[{"href":"https:\/\/ostrowskatv.pl\/index.php?rest_route=%2Fwp%2Fv2%2Fmedia&parent=12136"}],"wp:term":[{"taxonomy":"category","embeddable":true,"href":"https:\/\/ostrowskatv.pl\/index.php?rest_route=%2Fwp%2Fv2%2Fcategories&post=12136"},{"taxonomy":"post_tag","embeddable":true,"href":"https:\/\/ostrowskatv.pl\/index.php?rest_route=%2Fwp%2Fv2%2Ftags&post=12136"}],"curies":[{"name":"wp","href":"https:\/\/api.w.org\/{rel}","templated":true}]}}