{"id":12132,"date":"2020-07-03T08:07:29","date_gmt":"2020-07-03T07:07:29","guid":{"rendered":"http:\/\/ostrowska.tv\/?p=12132"},"modified":"2020-07-03T08:07:29","modified_gmt":"2020-07-03T07:07:29","slug":"biuro-poselskie-zostalo-obsmarowane","status":"publish","type":"post","link":"https:\/\/ostrowskatv.pl\/?p=12132","title":{"rendered":"Biuro poselskie zosta\u0142o obsmarowane"},"content":{"rendered":"<p><strong>Prawdopodobnie w nocy z soboty na niedziel\u0119 nieznany sprawca za pomoc\u0105 farby w sprayu obsmarowa\u0142 zewn\u0119trzn\u0105 elewacj\u0119 biura poselskiego Jaros\u0142awa Urbaniaka z Platformy Obywatelskiej. Sprawca stwierdzi\u0142, \u017ce &#8222;lewica nie ma prawa g\u0142osu&#8221;. Na s\u0105siedniej elewacji, gdzie mie\u015bci si\u0119 m. in. biuro poselskie pos\u0142\u00f3w Wies\u0142awa Szczepa\u0144skiego i Karoliny Pawliczak z Lewicy. Tam pojawi\u0142o si\u0119 has\u0142o &#8222;Marksizm STOP. &#8222;<\/strong><\/p>\n<p>Policja prowadzi dochodzenie w zwi\u0105zku z uszkodzeniem mienia. <\/p>\n<div id='gallery-1' class='gallery galleryid-12132 gallery-columns-3 gallery-size-thumbnail'><figure class='gallery-item'>\n\t\t\t<div class='gallery-icon landscape'>\n\t\t\t\t<a href='https:\/\/ostrowskatv.pl\/?attachment_id=12130'><img loading=\"lazy\" decoding=\"async\" width=\"150\" height=\"150\" src=\"https:\/\/ostrowskatv.pl\/wp-content\/uploads\/2020\/07\/IMG_20200703_084758-01-150x150.jpeg\" class=\"attachment-thumbnail size-thumbnail\" alt=\"\" \/><\/a>\n\t\t\t<\/div><\/figure><figure class='gallery-item'>\n\t\t\t<div class='gallery-icon landscape'>\n\t\t\t\t<a href='https:\/\/ostrowskatv.pl\/?attachment_id=12129'><img loading=\"lazy\" decoding=\"async\" width=\"150\" height=\"150\" src=\"https:\/\/ostrowskatv.pl\/wp-content\/uploads\/2020\/07\/IMG_20200703_084748-01-150x150.jpeg\" class=\"attachment-thumbnail size-thumbnail\" alt=\"\" \/><\/a>\n\t\t\t<\/div><\/figure><figure class='gallery-item'>\n\t\t\t<div class='gallery-icon portrait'>\n\t\t\t\t<a href='https:\/\/ostrowskatv.pl\/?attachment_id=12131'><img loading=\"lazy\" decoding=\"async\" width=\"150\" height=\"150\" src=\"https:\/\/ostrowskatv.pl\/wp-content\/uploads\/2020\/07\/IMG_20200703_084807-01-150x150.jpeg\" class=\"attachment-thumbnail size-thumbnail\" alt=\"\" \/><\/a>\n\t\t\t<\/div><\/figure>\n\t\t<\/div>\n\n","protected":false},"excerpt":{"rendered":"Prawdopodobnie w nocy z soboty na niedziel\u0119 nieznany sprawca za pomoc\u0105 farby w sprayu obsmarowa\u0142 zewn\u0119trzn\u0105 elewacj\u0119 biura poselskiego Jaros\u0142awa Urbaniaka z Platformy \n<a class=\"moretag\" href=\"https:\/\/ostrowskatv.pl\/?p=12132\"> [...]<\/a>","protected":false},"author":1,"featured_media":12129,"comment_status":"open","ping_status":"closed","sticky":false,"template":"","format":"standard","meta":{"footnotes":""},"categories":[1],"tags":[2],"class_list":["post-12132","post","type-post","status-publish","format-standard","has-post-thumbnail","hentry","category-news","tag-ostrow-wielkopolski"],"_links":{"self":[{"href":"https:\/\/ostrowskatv.pl\/index.php?rest_route=\/wp\/v2\/posts\/12132","targetHints":{"allow":["GET"]}}],"collection":[{"href":"https:\/\/ostrowskatv.pl\/index.php?rest_route=\/wp\/v2\/posts"}],"about":[{"href":"https:\/\/ostrowskatv.pl\/index.php?rest_route=\/wp\/v2\/types\/post"}],"author":[{"embeddable":true,"href":"https:\/\/ostrowskatv.pl\/index.php?rest_route=\/wp\/v2\/users\/1"}],"replies":[{"embeddable":true,"href":"https:\/\/ostrowskatv.pl\/index.php?rest_route=%2Fwp%2Fv2%2Fcomments&post=12132"}],"version-history":[{"count":0,"href":"https:\/\/ostrowskatv.pl\/index.php?rest_route=\/wp\/v2\/posts\/12132\/revisions"}],"wp:featuredmedia":[{"embeddable":true,"href":"https:\/\/ostrowskatv.pl\/index.php?rest_route=\/wp\/v2\/media\/12129"}],"wp:attachment":[{"href":"https:\/\/ostrowskatv.pl\/index.php?rest_route=%2Fwp%2Fv2%2Fmedia&parent=12132"}],"wp:term":[{"taxonomy":"category","embeddable":true,"href":"https:\/\/ostrowskatv.pl\/index.php?rest_route=%2Fwp%2Fv2%2Fcategories&post=12132"},{"taxonomy":"post_tag","embeddable":true,"href":"https:\/\/ostrowskatv.pl\/index.php?rest_route=%2Fwp%2Fv2%2Ftags&post=12132"}],"curies":[{"name":"wp","href":"https:\/\/api.w.org\/{rel}","templated":true}]}}