{"id":12098,"date":"2020-06-25T15:19:54","date_gmt":"2020-06-25T14:19:54","guid":{"rendered":"http:\/\/ostrowska.tv\/?p=12098"},"modified":"2020-06-25T15:19:54","modified_gmt":"2020-06-25T14:19:54","slug":"zderzenie-dwoch-ciezarowek-na-obwodnicy-w-jednej-zabraklo-paliwa","status":"publish","type":"post","link":"https:\/\/ostrowskatv.pl\/?p=12098","title":{"rendered":"Zderzenie dw\u00f3ch ci\u0119\u017car\u00f3wek na obwodnicy. W jednej zabrak\u0142o paliwa"},"content":{"rendered":"<p><strong>Po po\u0142udniu dosz\u0142o do zderzenia dw\u00f3ch samochod\u00f3w ci\u0119\u017carowych. Jeden z kierowc\u00f3w zosta\u0142 ranny. Pierwsza ci\u0119\u017car\u00f3wka zatrzyma\u0142a si\u0119 na obwodnicy z powodu braku paliwa. <\/strong><\/p>\n<p>Do zderzenia si\u0119 dw\u00f3ch samochod\u00f3w ci\u0119\u017carowych dosz\u0142o na obwodnicy Jarocina. Obywatel Ukrainy kierowa\u0142 jedn\u0105 z ci\u0119\u017car\u00f3wek nale\u017c\u0105cych do firmy z powiatu ostrowskiego. W ci\u0119\u017car\u00f3wce  zabrak\u0142o paliwa. Jad\u0105cy w tym samym kierunku kierowca ci\u0119\u017car\u00f3wki za p\u00f3\u017ano si\u0119 zorientowa\u0142 i zahaczy\u0142 o naro\u017cnik stoj\u0105cej ci\u0119\u017car\u00f3wki. Po chwili wjecha\u0142 do rowu.<\/p>\n<p>Zdj\u0119cia dzi\u0119ki uprzejmo\u015bci portalu Jarocin112<\/p>\n<div id='gallery-1' class='gallery galleryid-12098 gallery-columns-3 gallery-size-thumbnail'><figure class='gallery-item'>\n\t\t\t<div class='gallery-icon landscape'>\n\t\t\t\t<a href='https:\/\/ostrowskatv.pl\/?attachment_id=12097'><img loading=\"lazy\" decoding=\"async\" width=\"150\" height=\"150\" src=\"https:\/\/ostrowskatv.pl\/wp-content\/uploads\/2020\/06\/cielcza03-150x150.jpeg\" class=\"attachment-thumbnail size-thumbnail\" alt=\"\" \/><\/a>\n\t\t\t<\/div><\/figure><figure class='gallery-item'>\n\t\t\t<div class='gallery-icon landscape'>\n\t\t\t\t<a href='https:\/\/ostrowskatv.pl\/?attachment_id=12095'><img loading=\"lazy\" decoding=\"async\" width=\"150\" height=\"150\" src=\"https:\/\/ostrowskatv.pl\/wp-content\/uploads\/2020\/06\/cielcza01-01-150x150.jpeg\" class=\"attachment-thumbnail size-thumbnail\" alt=\"\" \/><\/a>\n\t\t\t<\/div><\/figure><figure class='gallery-item'>\n\t\t\t<div class='gallery-icon landscape'>\n\t\t\t\t<a href='https:\/\/ostrowskatv.pl\/?attachment_id=12096'><img loading=\"lazy\" decoding=\"async\" width=\"150\" height=\"150\" src=\"https:\/\/ostrowskatv.pl\/wp-content\/uploads\/2020\/06\/cielcza02-01-150x150.jpeg\" class=\"attachment-thumbnail size-thumbnail\" alt=\"\" \/><\/a>\n\t\t\t<\/div><\/figure>\n\t\t<\/div>\n\n","protected":false},"excerpt":{"rendered":"Po po\u0142udniu dosz\u0142o do zderzenia dw\u00f3ch samochod\u00f3w ci\u0119\u017carowych. Jeden z kierowc\u00f3w zosta\u0142 ranny. Pierwsza ci\u0119\u017car\u00f3wka zatrzyma\u0142a si\u0119 na obwodnicy z powodu braku paliwa. \n<a class=\"moretag\" href=\"https:\/\/ostrowskatv.pl\/?p=12098\"> [...]<\/a>","protected":false},"author":1,"featured_media":12096,"comment_status":"open","ping_status":"closed","sticky":false,"template":"","format":"standard","meta":{"footnotes":""},"categories":[1],"tags":[200],"class_list":["post-12098","post","type-post","status-publish","format-standard","has-post-thumbnail","hentry","category-news","tag-obwodnica-jarocina"],"_links":{"self":[{"href":"https:\/\/ostrowskatv.pl\/index.php?rest_route=\/wp\/v2\/posts\/12098","targetHints":{"allow":["GET"]}}],"collection":[{"href":"https:\/\/ostrowskatv.pl\/index.php?rest_route=\/wp\/v2\/posts"}],"about":[{"href":"https:\/\/ostrowskatv.pl\/index.php?rest_route=\/wp\/v2\/types\/post"}],"author":[{"embeddable":true,"href":"https:\/\/ostrowskatv.pl\/index.php?rest_route=\/wp\/v2\/users\/1"}],"replies":[{"embeddable":true,"href":"https:\/\/ostrowskatv.pl\/index.php?rest_route=%2Fwp%2Fv2%2Fcomments&post=12098"}],"version-history":[{"count":0,"href":"https:\/\/ostrowskatv.pl\/index.php?rest_route=\/wp\/v2\/posts\/12098\/revisions"}],"wp:featuredmedia":[{"embeddable":true,"href":"https:\/\/ostrowskatv.pl\/index.php?rest_route=\/wp\/v2\/media\/12096"}],"wp:attachment":[{"href":"https:\/\/ostrowskatv.pl\/index.php?rest_route=%2Fwp%2Fv2%2Fmedia&parent=12098"}],"wp:term":[{"taxonomy":"category","embeddable":true,"href":"https:\/\/ostrowskatv.pl\/index.php?rest_route=%2Fwp%2Fv2%2Fcategories&post=12098"},{"taxonomy":"post_tag","embeddable":true,"href":"https:\/\/ostrowskatv.pl\/index.php?rest_route=%2Fwp%2Fv2%2Ftags&post=12098"}],"curies":[{"name":"wp","href":"https:\/\/api.w.org\/{rel}","templated":true}]}}