{"id":12092,"date":"2020-06-23T07:50:47","date_gmt":"2020-06-23T06:50:47","guid":{"rendered":"http:\/\/ostrowska.tv\/?p=12092"},"modified":"2020-06-23T07:50:47","modified_gmt":"2020-06-23T06:50:47","slug":"pkp-chcialo-zlikwidowac-przejazdy-kolejowe","status":"publish","type":"post","link":"https:\/\/ostrowskatv.pl\/?p=12092","title":{"rendered":"PKP chcia\u0142o zlikwidowa\u0107 przejazdy kolejowe"},"content":{"rendered":"<p><strong>5 przejazd\u00f3w kolejowych w gminie Ostr\u00f3w Wlkp. mia\u0142o zosta\u0107 zlikwidowane. Mieszka\u0144cy zg\u0142osili si\u0119 do w\u0142adz gminy, a jej przedstawiciel podj\u0105\u0142 dialog ze sp\u00f3\u0142k\u0105 PKP PLK. Zagro\u017cone by\u0142y przejazdy: Gorzyce Wlk. na ul. Le\u015bnej w stron\u0119 Lamek. A tak\u017ce cztery na odcinku od Lewkowca w stron\u0119 Sob\u00f3tki. <\/strong><\/p>\n<p>Ju\u017c dzi\u015b wiadomo, \u017ce przejazd kolejowy w Gorzycach Wielkich zosta\u0142 uratowany. W przypadku dw\u00f3ch kolejnych sp\u00f3\u0142ka PKP PLK podpisze umowy z mieszka\u0144cami na korzystanie z nich. Zostan\u0105 zamontowane szlabany na k\u0142\u00f3dk\u0119. Dwa kolejne wymagaj\u0105 przekazania przez wojewod\u0119 (Skarb Pa\u0144stwa) na rzecz gminy. Wojewoda ma czas do listopada br.<\/p>\n","protected":false},"excerpt":{"rendered":"5 przejazd\u00f3w kolejowych w gminie Ostr\u00f3w Wlkp. mia\u0142o zosta\u0107 zlikwidowane. Mieszka\u0144cy zg\u0142osili si\u0119 do w\u0142adz gminy, a jej przedstawiciel podj\u0105\u0142 dialog ze sp\u00f3\u0142k\u0105 \n<a class=\"moretag\" href=\"https:\/\/ostrowskatv.pl\/?p=12092\"> [...]<\/a>","protected":false},"author":1,"featured_media":12093,"comment_status":"open","ping_status":"closed","sticky":false,"template":"","format":"standard","meta":{"footnotes":""},"categories":[1],"tags":[199],"class_list":["post-12092","post","type-post","status-publish","format-standard","has-post-thumbnail","hentry","category-news","tag-pociag"],"_links":{"self":[{"href":"https:\/\/ostrowskatv.pl\/index.php?rest_route=\/wp\/v2\/posts\/12092","targetHints":{"allow":["GET"]}}],"collection":[{"href":"https:\/\/ostrowskatv.pl\/index.php?rest_route=\/wp\/v2\/posts"}],"about":[{"href":"https:\/\/ostrowskatv.pl\/index.php?rest_route=\/wp\/v2\/types\/post"}],"author":[{"embeddable":true,"href":"https:\/\/ostrowskatv.pl\/index.php?rest_route=\/wp\/v2\/users\/1"}],"replies":[{"embeddable":true,"href":"https:\/\/ostrowskatv.pl\/index.php?rest_route=%2Fwp%2Fv2%2Fcomments&post=12092"}],"version-history":[{"count":0,"href":"https:\/\/ostrowskatv.pl\/index.php?rest_route=\/wp\/v2\/posts\/12092\/revisions"}],"wp:featuredmedia":[{"embeddable":true,"href":"https:\/\/ostrowskatv.pl\/index.php?rest_route=\/wp\/v2\/media\/12093"}],"wp:attachment":[{"href":"https:\/\/ostrowskatv.pl\/index.php?rest_route=%2Fwp%2Fv2%2Fmedia&parent=12092"}],"wp:term":[{"taxonomy":"category","embeddable":true,"href":"https:\/\/ostrowskatv.pl\/index.php?rest_route=%2Fwp%2Fv2%2Fcategories&post=12092"},{"taxonomy":"post_tag","embeddable":true,"href":"https:\/\/ostrowskatv.pl\/index.php?rest_route=%2Fwp%2Fv2%2Ftags&post=12092"}],"curies":[{"name":"wp","href":"https:\/\/api.w.org\/{rel}","templated":true}]}}