{"id":12014,"date":"2020-06-09T20:09:54","date_gmt":"2020-06-09T19:09:54","guid":{"rendered":"http:\/\/ostrowska.tv\/?p=12014"},"modified":"2020-06-09T20:11:16","modified_gmt":"2020-06-09T19:11:16","slug":"zderzenie-suzuki-i-peugeota-na-okolnej","status":"publish","type":"post","link":"https:\/\/ostrowskatv.pl\/?p=12014","title":{"rendered":"Zderzenie Suzuki i Peugeota na Ok\u00f3lnej"},"content":{"rendered":"<p><strong>Na skrzy\u017cowaniu ulic Ok\u00f3lnej i Kordeckiego dosz\u0142o do zderzenia dw\u00f3ch aut osobowych. Kobieta kieruj\u0105c Suzuki wymusi\u0142a pierwsze\u0144stwo i doprowadzi\u0142a do kolizji z Peugeotem. W zdarzeniu nikt nie ucierpia\u0142. <\/strong><\/p>\n<p>Peugeot przodem uderzy\u0142 w bok Suzuki. Na miejsce wezwano patrol drog\u00f3wki i stra\u017cy po\u017carnej do zneutralizowania p\u0142yn\u00f3w eksploatacyjnych.<\/p>\n<div id='gallery-1' class='gallery galleryid-12014 gallery-columns-3 gallery-size-thumbnail'><figure class='gallery-item'>\n\t\t\t<div class='gallery-icon landscape'>\n\t\t\t\t<a href='https:\/\/ostrowskatv.pl\/?attachment_id=12013'><img loading=\"lazy\" decoding=\"async\" width=\"150\" height=\"150\" src=\"https:\/\/ostrowskatv.pl\/wp-content\/uploads\/2020\/06\/IMG_20200608_152505-01-150x150.jpeg\" class=\"attachment-thumbnail size-thumbnail\" alt=\"\" \/><\/a>\n\t\t\t<\/div><\/figure><figure class='gallery-item'>\n\t\t\t<div class='gallery-icon landscape'>\n\t\t\t\t<a href='https:\/\/ostrowskatv.pl\/?attachment_id=12012'><img loading=\"lazy\" decoding=\"async\" width=\"150\" height=\"150\" src=\"https:\/\/ostrowskatv.pl\/wp-content\/uploads\/2020\/06\/IMG_20200608_152641-01-150x150.jpeg\" class=\"attachment-thumbnail size-thumbnail\" alt=\"\" \/><\/a>\n\t\t\t<\/div><\/figure>\n\t\t<\/div>\n\n","protected":false},"excerpt":{"rendered":"Na skrzy\u017cowaniu ulic Ok\u00f3lnej i Kordeckiego dosz\u0142o do zderzenia dw\u00f3ch aut osobowych. Kobieta kieruj\u0105c Suzuki wymusi\u0142a pierwsze\u0144stwo i doprowadzi\u0142a do kolizji z Peugeotem. \n<a class=\"moretag\" href=\"https:\/\/ostrowskatv.pl\/?p=12014\"> [...]<\/a>","protected":false},"author":1,"featured_media":12013,"comment_status":"open","ping_status":"closed","sticky":false,"template":"","format":"standard","meta":{"footnotes":""},"categories":[1],"tags":[2],"class_list":["post-12014","post","type-post","status-publish","format-standard","has-post-thumbnail","hentry","category-news","tag-ostrow-wielkopolski"],"_links":{"self":[{"href":"https:\/\/ostrowskatv.pl\/index.php?rest_route=\/wp\/v2\/posts\/12014","targetHints":{"allow":["GET"]}}],"collection":[{"href":"https:\/\/ostrowskatv.pl\/index.php?rest_route=\/wp\/v2\/posts"}],"about":[{"href":"https:\/\/ostrowskatv.pl\/index.php?rest_route=\/wp\/v2\/types\/post"}],"author":[{"embeddable":true,"href":"https:\/\/ostrowskatv.pl\/index.php?rest_route=\/wp\/v2\/users\/1"}],"replies":[{"embeddable":true,"href":"https:\/\/ostrowskatv.pl\/index.php?rest_route=%2Fwp%2Fv2%2Fcomments&post=12014"}],"version-history":[{"count":0,"href":"https:\/\/ostrowskatv.pl\/index.php?rest_route=\/wp\/v2\/posts\/12014\/revisions"}],"wp:featuredmedia":[{"embeddable":true,"href":"https:\/\/ostrowskatv.pl\/index.php?rest_route=\/wp\/v2\/media\/12013"}],"wp:attachment":[{"href":"https:\/\/ostrowskatv.pl\/index.php?rest_route=%2Fwp%2Fv2%2Fmedia&parent=12014"}],"wp:term":[{"taxonomy":"category","embeddable":true,"href":"https:\/\/ostrowskatv.pl\/index.php?rest_route=%2Fwp%2Fv2%2Fcategories&post=12014"},{"taxonomy":"post_tag","embeddable":true,"href":"https:\/\/ostrowskatv.pl\/index.php?rest_route=%2Fwp%2Fv2%2Ftags&post=12014"}],"curies":[{"name":"wp","href":"https:\/\/api.w.org\/{rel}","templated":true}]}}