{"id":12007,"date":"2020-06-09T07:42:24","date_gmt":"2020-06-09T06:42:24","guid":{"rendered":"http:\/\/ostrowska.tv\/?p=12007"},"modified":"2020-06-09T07:46:25","modified_gmt":"2020-06-09T06:46:25","slug":"wiceprezydent-z-ostrowa-z-zarzutami-prokuratorskimi","status":"publish","type":"post","link":"https:\/\/ostrowskatv.pl\/?p=12007","title":{"rendered":"Wiceprezydent z Ostrowa z zarzutami prokuratorskimi"},"content":{"rendered":"<p>Wiceprezydent Ostrowa Wielkopolskiego Miko\u0142aj Kostka us\u0142ysza\u0142 zarzuty prokuratorskie. Dotycz\u0105 one dzia\u0142alno\u015bci przed obj\u0119ciem funkcji wiceprezydenta, a konkretnie czasu, gdy Kostka dzia\u0142a\u0142 na terenie powiatu jaroci\u0144skiego. Sam zainteresowany podkre\u015bla, \u017ce nie s\u0105 one powa\u017cne, a poza tym podkre\u015bla\u0142 zasad\u0119 domniemania niewinno\u015bci.\u00a0<\/p>\n<p>O\u015bwiadczenie wiceprezydenta Ostrowa Miko\u0142aja Kostki.\u00a0<\/p>\n<p>Szanowni Pa\u0144stwo,<br \/>\n               kieruj\u0105c si\u0119 trosk\u0105 o jak najwy\u017csze standardy transparentnej i przejrzystej dzia\u0142alno\u015bci w sferze publicznej informuj\u0119, \u017ce spotka\u0142em si\u0119 z zarzutami prokuratury, dotycz\u0105cymi mojej pracy na stanowisku II Zast\u0119pcy Burmistrza Jarocina w latach 2012-2014. Postawione mi zarzuty z art. 231 \u00a7 2 Kodeksu karnego brzmi\u0105 absurdalnie. \u017badnym swoim dzia\u0142aniem ani nie przekroczy\u0142em swoich uprawnie\u0144, ani te\u017c nie dopu\u015bci\u0142em si\u0119 niedope\u0142nienia obowi\u0105zk\u00f3w.<br \/>\nNiepoj\u0119tym jest formu\u0142owanie zarzutu osi\u0105gni\u0119cia korzy\u015bci maj\u0105tkowej lub osobistej.  <\/p>\n<p>Uwa\u017cam, \u017ce tre\u015b\u0107 stawianych zarzut\u00f3w ma charakter polityczny i stoi w sprzeczno\u015bci z moimi faktycznymi dzia\u0142aniami. Zarzuty dotycz\u0105 zorganizowanych bezp\u0142atnych koncert\u00f3w dla mieszka\u0144c\u00f3w w ramach Dni Patrona Jarocina, kt\u00f3re tak, jak ma to miejsce w wielu miastach i gminach na terenie naszego kraju, by\u0142y i nadal s\u0105 wsp\u00f3\u0142finansowane ze \u015brodk\u00f3w sp\u00f3\u0142ek komunalnych. Normaln\u0105 i powszechn\u0105 praktyk\u0105 jest sponsorowanie wydarze\u0144 sportowych czy kulturalnych zar\u00f3wno przez podmioty prywatne, jak i komunalne, a tak\u017ce sp\u00f3\u0142ki nale\u017c\u0105ce do Skarbu Pa\u0144stwa. Tworzenie zarzutu ze sprawy, w kt\u00f3rej rekomendowa\u0142em \u00f3wczesnemu Zarz\u0105dowi ZGO Sp. z o.o. rozwa\u017cenie  partycypacji w kosztach ww. koncert\u00f3w, traktuj\u0119 jako absurd. Podkre\u015blam, \u017ce je\u015bli dzi\u015b w tej sprawie mia\u0142bym podj\u0105\u0107 jakie\u015b dzia\u0142ania, to ponownie zarekomendowa\u0142bym wsp\u00f3\u0142finansowanie organizacji koncert\u00f3w, w kt\u00f3rych licznie uczestniczyli  mieszka\u0144cy Jarocina i okolicznych  miejscowo\u015bci. By\u0142y to bowiem wydarzenia o charakterze kulturalnym, kt\u00f3re znajduj\u0105 si\u0119 w zakresie dzia\u0142a\u0144 i zada\u0144 gminy, okre\u015blonych w ustawie o samorz\u0105dzie gminnym. W kolejnych latach, ju\u017c za czas\u00f3w rz\u0105d\u00f3w kolejnego burmistrza, sp\u00f3\u0142ki komunalne gminy Jarocin r\u00f3wnie\u017c partycypowa\u0142y w kosztach wydarze\u0144 o podobnym charakterze, organizowanych zar\u00f3wno przez podmioty gminne, jak chocia\u017cby Jarocin Festiwal, ale nawet przez  firmy prywatne, jak na przyk\u0142ad Disco Stars Festival. Mog\u0105 o tym \u015bwiadczy\u0107 chocia\u017cby logotypy sp\u00f3\u0142ek komunalnych na materia\u0142ach promocyjnych. Nikomu nie przychodzi\u0142o do g\u0142owy, aby z tego tytu\u0142u stawia\u0107 zarzuty pope\u0142nienia przest\u0119pstwa, czy nawet sk\u0142ada\u0107 zawiadomienia o mo\u017cliwo\u015bci jego pope\u0142nienia. <\/p>\n<p>Stawiany mi zarzut okre\u015blony jest w art. 231 \u00a7 2 Kodeksu karnego m\u00f3wi o osi\u0105gni\u0119ciu korzy\u015bci maj\u0105tkowej lub osobistej. Nigdy, na etapie post\u0119powania prokuratorskiego nawet nie pad\u0142a sugestia, \u017ce mog\u0142em uzyska\u0107 w wyniku podj\u0119tych b\u0105d\u017a zaniechanych dzia\u0142a\u0144 korzy\u015b\u0107 maj\u0105tkow\u0105. <\/p>\n<p>Nigdy nie posiada\u0142em jakichkolwiek relacji towarzyskich czy zawodowych z podmiotami organizuj\u0105cymi koncert, tak wi\u0119c r\u00f3wnie\u017c absurdalnym jest dla mnie zarzut osi\u0105gni\u0119cia korzy\u015bci osobistej.<br \/>\nNiemo\u017cliwym staje si\u0119 zatem odniesienie do zarzucanego rzekomego osi\u0105gni\u0119cia korzy\u015bci osobistych czy maj\u0105tkowych, poniewa\u017c w toku post\u0119powania prokurator takowych nie wykaza\u0142. Nie wynika to tak\u017ce z zebranego w sprawie materia\u0142u dowodowego.<\/p>\n<p>Za bezzasadny uznaj\u0119 r\u00f3wnie\u017c zarzut dotycz\u0105cy mojego rzekomego wp\u0142ywu na uregulowanie przez ZGO Sp. z o.o. w Jarocinie faktury za opracowanie dokumentu dotycz\u0105cego badania satysfakcji mieszka\u0144c\u00f3w z \u015bwiadczonych us\u0142ug komunalnych. Jest to zarzut tym bardziej kuriozalny, \u017ce takie opracowania by\u0142y zamawiane zar\u00f3wno przed, jak i po okresie sprawowania przeze mnie funkcji zast\u0119pcy burmistrza. Wie o tym prokurator,                     ale &#8211; o ile wiem, nikomu innemu z tego tytu\u0142u ani nie postawi\u0142 zarzut\u00f3w, ani nawet nie wszcz\u0105\u0142 post\u0119powa\u0144, bo trudno doszuka\u0107 si\u0119 w tym znamion przest\u0119pstwa. Przedmiotowe opracowanie dotyczy\u0142o jako\u015bci \u015bwiadczonych us\u0142ug komunalnych tak\u017ce przez inne sp\u00f3\u0142ki i by\u0142o przez te sp\u00f3\u0142ki wsp\u00f3\u0142finansowane. <\/p>\n<p>Podkre\u015blam, \u017ce nie mia\u0142em wp\u0142ywu na zatrudnienie w ZGO Sp. z o.o. pracownik\u00f3w, o kt\u00f3rych wspomina prokuratura. \u017badna z os\u00f3b wskazanych przez prokuratur\u0119 nie jest ze mn\u0105 spokrewniona, spowinowacona ani te\u017c nie znajdowa\u0142a si\u0119 w kr\u0119gu moich znajomych.<br \/>\nNa przestrzeni wielu lat, za rz\u0105d\u00f3w r\u00f3\u017cnych burmistrz\u00f3w Jarocina, zdarza\u0142o si\u0119, \u017ce osoby zatrudnione w Urz\u0119dzie Miejskim lub staraj\u0105ce si\u0119 tam o prac\u0119 by\u0142y kierowane do sp\u00f3\u0142ek komunalnych, gdzie ostatecznie znajdowa\u0142y zatrudnienie. Nikomu w\u00f3wczas nie przychodzi\u0142o do g\u0142owy, aby z tego tytu\u0142u stawia\u0107 zarzuty pope\u0142nienia przest\u0119pstwa, czy nawet sk\u0142ada\u0107 zawiadomienia o mo\u017cliwo\u015bci jego pope\u0142nienia. <\/p>\n<p>Zarzut, \u017ce jedno z poda\u0144 o prac\u0119  wspominanych os\u00f3b, kt\u00f3re zosta\u0142o dor\u0119czone do urz\u0119du i kt\u00f3re przekierowa\u0142em do rozwa\u017cenia przez Zarz\u0105d ZGO Sp. z o.o., mog\u0142o mie\u0107 wp\u0142yw na jej zatrudnienie jest bezzasadny. Tym bardziej, \u017ce zatrudnianie pracownik\u00f3w i okre\u015blenie warunk\u00f3w pracy nale\u017cy przecie\u017c do wy\u0142\u0105cznych kompetencji Zarz\u0105du Sp\u00f3\u0142ki.<\/p>\n<p>Zastanawiaj\u0105cym jest fakt, \u017ce zarzuty pojawi\u0142y si\u0119 dopiero w momencie mojej wzmo\u017conej dzia\u0142alno\u015bci publicznej przy jednoczesnym wyra\u017anym braku obiektywnej i rzeczowej weryfikacji stanu faktycznego podczas prowadzonego przez kilka lat post\u0119powania.<\/p>\n<p>Zapewniam, \u017ce z\u0142o\u017cy\u0142em obszerne wyja\u015bnienia i odpowiedzi na wszystkie pytania prokuratury. Na ka\u017cdym etapie post\u0119powania by\u0142em i jestem do dyspozycji przedstawicieli wymiaru sprawiedliwo\u015bci, dziennikarzy, jak i mieszka\u0144c\u00f3w. Jednocze\u015bnie wyra\u017cam zgod\u0119 na publikacj\u0119 mojego nazwiska oraz wizerunku,  poniewa\u017c w moich dzia\u0142aniach nie by\u0142o niczego, czego musia\u0142bym si\u0119 obawia\u0107 i wstydzi\u0107. <\/p>\n<p>Nadmieniam, \u017ce pomimo licznych wniosk\u00f3w mojego pe\u0142nomocnika, prokuratura przez wiele miesi\u0119cy uniemo\u017cliwia\u0142a zapoznanie si\u0119 z aktami sprawy, ostatecznie daj\u0105c na to zaledwie 3 dni, w okresie ko\u0144cz\u0105cego si\u0119 post\u0119powania. Zdaniem prawnik\u00f3w to znacznie utrudnia, a wr\u0119cz uniemo\u017cliwia prowadzenie rzetelnej obrony. Niepokoi mnie tak\u017ce to, \u017ce prokuratura zbiera dowody z ewidentnymi brakami w materiale dowodowym, nie sprawdzaj\u0105c rzetelnie i obiektywnie stanu faktycznego. Wreszcie, prokuratura oddala moje wnioski dowodowe, w sytuacji  gdy prowadz\u0105 one do sprzecznych ustale\u0144 z przyj\u0119tymi na wst\u0119pie zarzutami.<br \/>\nPodkre\u015blam, \u017ce zarzuty prokuratury zosta\u0142y oparte wy\u0142\u0105cznie na podstawie enigmatycznych i niepopartych dowodami zeznaniach by\u0142ego, a zarazem oskar\u017conego prezesa ZGO Sp. z o.o. w Jarocinie. Jego zeznania nie maj\u0105 potwierdzania ani w zgromadzonych dowodach, ani w zeznaniach kt\u00f3regokolwiek z pozosta\u0142ych uczestnik\u00f3w post\u0119powania. <\/p>\n<p>Wszystkie te okoliczno\u015bci utwierdzaj\u0105 mnie w przekonaniu, \u017ce prokuratura nie d\u0105\u017cy\u0142a do obiektywnego wyja\u015bnienia tej sprawy. Dlatego jestem pewien, \u017ce niezawis\u0142y S\u0105d we\u017amie pod uwag\u0119 okoliczno\u015bci i dowody konsekwentnie pomijane przez prokuratur\u0119, kt\u00f3re jednoznacznie \u015bwiadcz\u0105 o tym, \u017ce nie z\u0142ama\u0142em prawa.<\/p>\n","protected":false},"excerpt":{"rendered":"Wiceprezydent Ostrowa Wielkopolskiego Miko\u0142aj Kostka us\u0142ysza\u0142 zarzuty prokuratorskie. Dotycz\u0105 one dzia\u0142alno\u015bci przed obj\u0119ciem funkcji wiceprezydenta, a konkretnie czasu, gdy Kostka dzia\u0142a\u0142 na terenie \n<a class=\"moretag\" href=\"https:\/\/ostrowskatv.pl\/?p=12007\"> [...]<\/a>","protected":false},"author":1,"featured_media":12008,"comment_status":"open","ping_status":"closed","sticky":false,"template":"","format":"standard","meta":{"footnotes":""},"categories":[1],"tags":[],"class_list":["post-12007","post","type-post","status-publish","format-standard","has-post-thumbnail","hentry","category-news"],"_links":{"self":[{"href":"https:\/\/ostrowskatv.pl\/index.php?rest_route=\/wp\/v2\/posts\/12007","targetHints":{"allow":["GET"]}}],"collection":[{"href":"https:\/\/ostrowskatv.pl\/index.php?rest_route=\/wp\/v2\/posts"}],"about":[{"href":"https:\/\/ostrowskatv.pl\/index.php?rest_route=\/wp\/v2\/types\/post"}],"author":[{"embeddable":true,"href":"https:\/\/ostrowskatv.pl\/index.php?rest_route=\/wp\/v2\/users\/1"}],"replies":[{"embeddable":true,"href":"https:\/\/ostrowskatv.pl\/index.php?rest_route=%2Fwp%2Fv2%2Fcomments&post=12007"}],"version-history":[{"count":0,"href":"https:\/\/ostrowskatv.pl\/index.php?rest_route=\/wp\/v2\/posts\/12007\/revisions"}],"wp:featuredmedia":[{"embeddable":true,"href":"https:\/\/ostrowskatv.pl\/index.php?rest_route=\/wp\/v2\/media\/12008"}],"wp:attachment":[{"href":"https:\/\/ostrowskatv.pl\/index.php?rest_route=%2Fwp%2Fv2%2Fmedia&parent=12007"}],"wp:term":[{"taxonomy":"category","embeddable":true,"href":"https:\/\/ostrowskatv.pl\/index.php?rest_route=%2Fwp%2Fv2%2Fcategories&post=12007"},{"taxonomy":"post_tag","embeddable":true,"href":"https:\/\/ostrowskatv.pl\/index.php?rest_route=%2Fwp%2Fv2%2Ftags&post=12007"}],"curies":[{"name":"wp","href":"https:\/\/api.w.org\/{rel}","templated":true}]}}