{"id":12000,"date":"2020-06-08T07:46:32","date_gmt":"2020-06-08T06:46:32","guid":{"rendered":"http:\/\/ostrowska.tv\/?p=12000"},"modified":"2020-06-08T08:02:14","modified_gmt":"2020-06-08T07:02:14","slug":"biskup-janiak-wychodzi-z-ukrycia-i-zapowiada-ujawnienie-prawdy","status":"publish","type":"post","link":"https:\/\/ostrowskatv.pl\/?p=12000","title":{"rendered":"Biskup Janiak wychodzi z ukrycia i zapowiada ujawnienie prawdy"},"content":{"rendered":"<p><strong>Biskup Edward Janiak kolejny raz pojawi\u0142 si\u0119 publicznie. Tym razem przewodniczy\u0142 Mszy \u015awi\u0119tej z odpustem zupe\u0142nym. Uroczysto\u015b\u0107 mia\u0142a miejsce w Kaliszu w Narodowym Sanktuarium \u015bw. J\u00f3zefa. Biskup kaliski Edward Janiak poinformowa\u0142 na pocz\u0105tku, \u017ce ka\u017cdy kto bierze udzia\u0142 w tej Mszy \u015aw. i odm\u00f3wi modlitw\u0119 otrzyma odpust zupe\u0142ny. To oznacza, \u017ce zostan\u0105 darowane wszystkie kary doczesne, a cz\u0142owiek unika kar czy\u015b\u0107cowych.\u00a0<\/strong><\/p>\n<p>Jak pokaza\u0142a uroczysto\u015b\u0107, biskup jest w ca\u0142kowitej formie i jakby odci\u0119ty od informacji pojawiaj\u0105cych si\u0119 w mediach.Jeszcze w sobot\u0119 zosta\u0142 rozes\u0142any do wszystkich parafii w diecezji kaliskiej list, w kt\u00f3rym biskup Janiak m.in. prosi o modlitw\u0119 za Niego, poniewa\u017c trwa medialna nagonka. W mediach pojawi\u0142y si\u0119 g\u0142osy czy jest to forma zmuszania innych ksi\u0119\u017cy do bronienia osoby biskupa. Do tej pory biskup Edward Janiak nie przedstawi\u0142 publicznie w spos\u00f3b obszerny swojej linii obrony. Zapytany przez dziennikarza o komentarz do takiego zarzutu, odpowiedzia\u0142, \u017ce ka\u017cdy ma prawo prosi\u0107 o modlitw\u0119. Zapowiedzia\u0142, \u017ce po sesji episkopatu zwo\u0142a konferencj\u0119 prasow\u0105 i odniesie si\u0119 do dotychczasowych zarzut\u00f3w.<\/p>\n<p>Prymas Polski po filmie braci Sekielskich skierowa\u0142 spraw\u0119 do Watykanu. W odpowiedzi stolica Apostolska wszcz\u0119\u0142a post\u0119powanie i wyznaczy\u0142a do przeprowadzenia dochodzenia abp. Stanis\u0142awa G\u0105deckiego z Poznania. <\/p>\n<p>Wierni bior\u0105cy udzia\u0142 w przedpo\u0142udniowej Mszy \u015bw. w sanktuarium \u015bw. J\u00f3zefa byli podzieleni:<\/p>\n<p>&#8222;Jaka nagonka medialna, skoro s\u0105 na to dowody?&#8221;, &#8222;To jest wewn\u0119trzna sprawa ko\u015bcio\u0142a&#8221;, &#8222;Prawda zawsze musi wyj\u015b\u0107 na jaw, nie mo\u017cna jej zamiata\u0107 gdzie\u015b tam pod dywan&#8221;, &#8222;Krzywd\u0119 im robi\u0105, jeszcze si\u0119 modli\u0107 za biskupa?&#8221; <\/p>\n<p> &#8211; To ju\u017c nawet nie jest \u017cenada, to niestety dowodzi braku wiary w Bo\u017c\u0105 sprawiedliwo\u015b\u0107 i wycierania sobie twarzy Bogiem Ojcem, Synem i Duchem \u015awi\u0119tym. O wymuszaniu udzia\u0142u ksi\u0119\u017cy w k\u0142amstwie nie wspominaj\u0105c &#8211; komentuje katolicki publicysta Tomasz Terlikowski.<\/p>\n<p>Jego Ekscelencja biskup Edward Janiak sprawia\u0142 wra\u017cenie osoby nies\u0142usznie oskar\u017canej lub skutecznie wypieraj\u0105cej stawiane mu zarzuty.<\/p>\n<p><iframe loading=\"lazy\" src=\"https:\/\/www.facebook.com\/plugins\/video.php?href=https%3A%2F%2Fwww.facebook.com%2F2224041664524900%2Fvideos%2F948075942302315%2F&#038;show_text=0&#038;width=560\" width=\"560\" height=\"259\" style=\"border:none;overflow:hidden\" scrolling=\"no\" frameborder=\"0\" allowTransparency=\"true\" allowFullScreen=\"true\"><\/iframe><\/p>\n","protected":false},"excerpt":{"rendered":"Biskup Edward Janiak kolejny raz pojawi\u0142 si\u0119 publicznie. Tym razem przewodniczy\u0142 Mszy \u015awi\u0119tej z odpustem zupe\u0142nym. Uroczysto\u015b\u0107 mia\u0142a miejsce w Kaliszu w Narodowym \n<a class=\"moretag\" href=\"https:\/\/ostrowskatv.pl\/?p=12000\"> [...]<\/a>","protected":false},"author":1,"featured_media":11999,"comment_status":"open","ping_status":"closed","sticky":false,"template":"","format":"standard","meta":{"footnotes":""},"categories":[1],"tags":[196],"class_list":["post-12000","post","type-post","status-publish","format-standard","has-post-thumbnail","hentry","category-news","tag-kosciol"],"_links":{"self":[{"href":"https:\/\/ostrowskatv.pl\/index.php?rest_route=\/wp\/v2\/posts\/12000","targetHints":{"allow":["GET"]}}],"collection":[{"href":"https:\/\/ostrowskatv.pl\/index.php?rest_route=\/wp\/v2\/posts"}],"about":[{"href":"https:\/\/ostrowskatv.pl\/index.php?rest_route=\/wp\/v2\/types\/post"}],"author":[{"embeddable":true,"href":"https:\/\/ostrowskatv.pl\/index.php?rest_route=\/wp\/v2\/users\/1"}],"replies":[{"embeddable":true,"href":"https:\/\/ostrowskatv.pl\/index.php?rest_route=%2Fwp%2Fv2%2Fcomments&post=12000"}],"version-history":[{"count":0,"href":"https:\/\/ostrowskatv.pl\/index.php?rest_route=\/wp\/v2\/posts\/12000\/revisions"}],"wp:featuredmedia":[{"embeddable":true,"href":"https:\/\/ostrowskatv.pl\/index.php?rest_route=\/wp\/v2\/media\/11999"}],"wp:attachment":[{"href":"https:\/\/ostrowskatv.pl\/index.php?rest_route=%2Fwp%2Fv2%2Fmedia&parent=12000"}],"wp:term":[{"taxonomy":"category","embeddable":true,"href":"https:\/\/ostrowskatv.pl\/index.php?rest_route=%2Fwp%2Fv2%2Fcategories&post=12000"},{"taxonomy":"post_tag","embeddable":true,"href":"https:\/\/ostrowskatv.pl\/index.php?rest_route=%2Fwp%2Fv2%2Ftags&post=12000"}],"curies":[{"name":"wp","href":"https:\/\/api.w.org\/{rel}","templated":true}]}}