{"id":11992,"date":"2020-06-06T14:38:52","date_gmt":"2020-06-06T13:38:52","guid":{"rendered":"http:\/\/ostrowska.tv\/?p=11992"},"modified":"2020-06-06T14:39:52","modified_gmt":"2020-06-06T13:39:52","slug":"8-latek-na-minicrossie-uderzyl-w-betonowe-ogrodzenie-lezy-w-stanie-ciezkim","status":"publish","type":"post","link":"https:\/\/ostrowskatv.pl\/?p=11992","title":{"rendered":"8-latek na minicrossie uderzy\u0142 w betonowe ogrodzenie. Je\u017adzi\u0142 bez kasku"},"content":{"rendered":"<p><strong>Do powa\u017cnego wypadku dosz\u0142o przy jednej z posesji w Ostrowie Wielkopolskim. Przed po\u0142udniem 8-letni ch\u0142opiec je\u017adzi\u0142 ma\u0142ym motocyklem typu minicross, kt\u00f3ry mo\u017ce rozp\u0119dzi\u0107 si\u0119 do 40 km\/h. Dziecko wjecha\u0142o w betonowy p\u0142ot. Z ustale\u0144 policji wynika, \u017ce nie mia\u0142o za\u0142o\u017conego kasku.<\/strong><\/p>\n<p>Rodzic zawi\u00f3z\u0142 rannego ch\u0142opca do ostrowskiego szpitala. Tam wykryto dwa krwiaki na m\u00f3zgu. Na szcz\u0119\u015bcie ch\u0142opiec jest przytomny. Policjanci ustalili, \u017ce opiekun by\u0142 trze\u017awy.<\/p>\n<p>Do zdarzenia dosz\u0142o na drodze dojazdowej do posesji, kt\u00f3ra nie jest odgrodzona od jezdni.<\/p>\n<div id='gallery-1' class='gallery galleryid-11992 gallery-columns-3 gallery-size-thumbnail'><figure class='gallery-item'>\n\t\t\t<div class='gallery-icon landscape'>\n\t\t\t\t<a href='https:\/\/ostrowskatv.pl\/?attachment_id=11991'><img loading=\"lazy\" decoding=\"async\" width=\"150\" height=\"150\" src=\"https:\/\/ostrowskatv.pl\/wp-content\/uploads\/2020\/06\/IMG_20200606_135012-01-150x150.jpeg\" class=\"attachment-thumbnail size-thumbnail\" alt=\"\" \/><\/a>\n\t\t\t<\/div><\/figure><figure class='gallery-item'>\n\t\t\t<div class='gallery-icon landscape'>\n\t\t\t\t<a href='https:\/\/ostrowskatv.pl\/?attachment_id=11990'><img loading=\"lazy\" decoding=\"async\" width=\"150\" height=\"150\" src=\"https:\/\/ostrowskatv.pl\/wp-content\/uploads\/2020\/06\/IMG_20200606_135029-01-150x150.jpeg\" class=\"attachment-thumbnail size-thumbnail\" alt=\"\" \/><\/a>\n\t\t\t<\/div><\/figure><figure class='gallery-item'>\n\t\t\t<div class='gallery-icon landscape'>\n\t\t\t\t<a href='https:\/\/ostrowskatv.pl\/?attachment_id=11989'><img loading=\"lazy\" decoding=\"async\" width=\"150\" height=\"150\" src=\"https:\/\/ostrowskatv.pl\/wp-content\/uploads\/2020\/06\/IMG_20200606_144329-01-150x150.jpeg\" class=\"attachment-thumbnail size-thumbnail\" alt=\"\" \/><\/a>\n\t\t\t<\/div><\/figure>\n\t\t<\/div>\n\n","protected":false},"excerpt":{"rendered":"Do powa\u017cnego wypadku dosz\u0142o przy jednej z posesji w Ostrowie Wielkopolskim. Przed po\u0142udniem 8-letni ch\u0142opiec je\u017adzi\u0142 ma\u0142ym motocyklem typu minicross, kt\u00f3ry mo\u017ce rozp\u0119dzi\u0107 \n<a class=\"moretag\" href=\"https:\/\/ostrowskatv.pl\/?p=11992\"> [...]<\/a>","protected":false},"author":1,"featured_media":11989,"comment_status":"open","ping_status":"closed","sticky":false,"template":"","format":"standard","meta":{"footnotes":""},"categories":[1],"tags":[2],"class_list":["post-11992","post","type-post","status-publish","format-standard","has-post-thumbnail","hentry","category-news","tag-ostrow-wielkopolski"],"_links":{"self":[{"href":"https:\/\/ostrowskatv.pl\/index.php?rest_route=\/wp\/v2\/posts\/11992","targetHints":{"allow":["GET"]}}],"collection":[{"href":"https:\/\/ostrowskatv.pl\/index.php?rest_route=\/wp\/v2\/posts"}],"about":[{"href":"https:\/\/ostrowskatv.pl\/index.php?rest_route=\/wp\/v2\/types\/post"}],"author":[{"embeddable":true,"href":"https:\/\/ostrowskatv.pl\/index.php?rest_route=\/wp\/v2\/users\/1"}],"replies":[{"embeddable":true,"href":"https:\/\/ostrowskatv.pl\/index.php?rest_route=%2Fwp%2Fv2%2Fcomments&post=11992"}],"version-history":[{"count":0,"href":"https:\/\/ostrowskatv.pl\/index.php?rest_route=\/wp\/v2\/posts\/11992\/revisions"}],"wp:featuredmedia":[{"embeddable":true,"href":"https:\/\/ostrowskatv.pl\/index.php?rest_route=\/wp\/v2\/media\/11989"}],"wp:attachment":[{"href":"https:\/\/ostrowskatv.pl\/index.php?rest_route=%2Fwp%2Fv2%2Fmedia&parent=11992"}],"wp:term":[{"taxonomy":"category","embeddable":true,"href":"https:\/\/ostrowskatv.pl\/index.php?rest_route=%2Fwp%2Fv2%2Fcategories&post=11992"},{"taxonomy":"post_tag","embeddable":true,"href":"https:\/\/ostrowskatv.pl\/index.php?rest_route=%2Fwp%2Fv2%2Ftags&post=11992"}],"curies":[{"name":"wp","href":"https:\/\/api.w.org\/{rel}","templated":true}]}}