{"id":11985,"date":"2020-06-05T19:04:30","date_gmt":"2020-06-05T18:04:30","guid":{"rendered":"http:\/\/ostrowska.tv\/?p=11985"},"modified":"2020-06-05T19:09:09","modified_gmt":"2020-06-05T18:09:09","slug":"zatrzymano-podejrzanego-podpalacza-to-strazak-ochotnik","status":"publish","type":"post","link":"https:\/\/ostrowskatv.pl\/?p=11985","title":{"rendered":"Zatrzymano podejrzanego podpalacza. To stra\u017cak ochotnik"},"content":{"rendered":"<p><strong>W pi\u0105tek ostrowscy kryminalni zatrzymali co najmniej jednego podejrzanego o podpalenia, do kt\u00f3rych dochodzi\u0142o w ostatnich dniach. Mowa o dw\u00f3ch po\u017carach w Sob\u00f3tce i dw\u00f3ch kolejnych po\u017carach w G\u00f3rznie i Szczurawicach. Co najbardziej szokuje, to informacja \u017ce podpalaczem by\u0142 stra\u017cak OSP z jednej z jednostek na terenie gm. Raszk\u00f3w. Do czasu postawienia zarzut\u00f3w nie podamy nazwy jednostki.<\/strong><\/p>\n<p>Pierwsze dwa po\u017cary nast\u0105pi\u0142y we wtorek 26 maja. Najpierw zapali\u0142 si\u0119 budynek z magazynow\u0105 s\u0142om\u0105, a p\u00f3\u017aniej st\u00f3g. Oba po\u017cary trwa\u0142y wiele godzin.<\/p>\n<p>W przypadku budynku gospodarczego straty wyceniono na 190 tys. z\u0142. Sp\u0142on\u0119\u0142o 530 balot\u00f3w s\u0142omy. Cz\u0119\u015b\u0107 budynku uda\u0142o si\u0119 uratowa\u0107. Jednak konstrukcja zosta\u0142a uszkodzona.<\/p>\n<p>Chwil\u0119 p\u00f3\u017aniej na polu zap\u0142on\u0119\u0142o 850 tys. z\u0142. Straty oszacowano na 100 tys. z\u0142. Stra\u017cacy walczyli ca\u0142\u0105 noc.<\/p>\n<p>Tydzie\u0144 p\u00f3\u017aniej zauwa\u017cono po\u017car w danym gospodarstwie PGR, gdzie w d\u0142ugim na 100 metr\u00f3w budynku sk\u0142adowano 500 balot\u00f3w s\u0142omy. Do akcji zadysponowano 14 zast\u0119p\u00f3w stra\u017cy po\u017carnej.<\/p>\n<p>Chwil\u0119 p\u00f3\u017aniej zg\u0142oszono po\u017car s\u0142omy sk\u0142adowanej pod wiat\u0105 o wymiarach 40&#215;13. Zmagazynowano tam prawie 1000 balot\u00f3w. Do akcji ga\u015bniczej zadysponowano 12 zast\u0119p\u00f3w.<\/p>\n<p>Jak wida\u0107 straty wynosz\u0105 kilkaset tysi\u0119cy z\u0142otych, ale nie da si\u0119 ukry\u0107, \u017ce sprawca przyni\u00f3s\u0142 wstyd jednostce.<\/p>\n","protected":false},"excerpt":{"rendered":"W pi\u0105tek ostrowscy kryminalni zatrzymali co najmniej jednego podejrzanego o podpalenia, do kt\u00f3rych dochodzi\u0142o w ostatnich dniach. Mowa o dw\u00f3ch po\u017carach w Sob\u00f3tce \n<a class=\"moretag\" href=\"https:\/\/ostrowskatv.pl\/?p=11985\"> [...]<\/a>","protected":false},"author":1,"featured_media":11937,"comment_status":"open","ping_status":"closed","sticky":false,"template":"","format":"standard","meta":{"footnotes":""},"categories":[1],"tags":[7],"class_list":["post-11985","post","type-post","status-publish","format-standard","has-post-thumbnail","hentry","category-news","tag-pozar"],"_links":{"self":[{"href":"https:\/\/ostrowskatv.pl\/index.php?rest_route=\/wp\/v2\/posts\/11985","targetHints":{"allow":["GET"]}}],"collection":[{"href":"https:\/\/ostrowskatv.pl\/index.php?rest_route=\/wp\/v2\/posts"}],"about":[{"href":"https:\/\/ostrowskatv.pl\/index.php?rest_route=\/wp\/v2\/types\/post"}],"author":[{"embeddable":true,"href":"https:\/\/ostrowskatv.pl\/index.php?rest_route=\/wp\/v2\/users\/1"}],"replies":[{"embeddable":true,"href":"https:\/\/ostrowskatv.pl\/index.php?rest_route=%2Fwp%2Fv2%2Fcomments&post=11985"}],"version-history":[{"count":0,"href":"https:\/\/ostrowskatv.pl\/index.php?rest_route=\/wp\/v2\/posts\/11985\/revisions"}],"wp:featuredmedia":[{"embeddable":true,"href":"https:\/\/ostrowskatv.pl\/index.php?rest_route=\/wp\/v2\/media\/11937"}],"wp:attachment":[{"href":"https:\/\/ostrowskatv.pl\/index.php?rest_route=%2Fwp%2Fv2%2Fmedia&parent=11985"}],"wp:term":[{"taxonomy":"category","embeddable":true,"href":"https:\/\/ostrowskatv.pl\/index.php?rest_route=%2Fwp%2Fv2%2Fcategories&post=11985"},{"taxonomy":"post_tag","embeddable":true,"href":"https:\/\/ostrowskatv.pl\/index.php?rest_route=%2Fwp%2Fv2%2Ftags&post=11985"}],"curies":[{"name":"wp","href":"https:\/\/api.w.org\/{rel}","templated":true}]}}