{"id":11981,"date":"2020-06-05T16:28:08","date_gmt":"2020-06-05T15:28:08","guid":{"rendered":"http:\/\/ostrowska.tv\/?p=11981"},"modified":"2020-06-05T16:28:08","modified_gmt":"2020-06-05T15:28:08","slug":"zmarl-pacjent-w-dps-ie-interweniowal-smiglowiec-lpr","status":"publish","type":"post","link":"https:\/\/ostrowskatv.pl\/?p=11981","title":{"rendered":"Zmar\u0142 pacjent w DPS-ie. Interweniowa\u0142 \u015bmig\u0142owiec LPR"},"content":{"rendered":"<p><strong>Do tragicznego incydentu dosz\u0142o na terenie Domu Pomocy Spo\u0142ecznej w Psarach. Jeden z podopiecznych zad\u0142awi\u0142 si\u0119 i pomimo udzielonej pomocy zmar\u0142. <\/strong><\/p>\n<p>Oko\u0142o godziny 11.00 oko\u0142o 50-letni m\u0119\u017cczyzna zacz\u0105\u0142 si\u0119 dusi\u0107, po czym straci\u0142 przytomno\u015b\u0107. Personel natychmiast przyst\u0105pi\u0142 do reanimacji. Wezwano karetk\u0119, kt\u00f3ra przyjecha\u0142a z podstacji w Przygodzicach. Poniewa\u017c reanimacja nie przynosi\u0142a pozytywnych rezultat\u00f3w, wezwano za\u0142og\u0119 z lekarzem. Ten przylecia\u0142 \u015bmig\u0142owcem LPR.<\/p>\n<p>Niestety po nied\u0142ugiej chwili stwierdzi\u0142 zgon m\u0119\u017cczyzny. W trakcie akcji m\u0119\u017cczyzna zwr\u00f3ci\u0142 cz\u0119\u015b\u0107 chleba.<\/p>\n<div id='gallery-1' class='gallery galleryid-11981 gallery-columns-3 gallery-size-thumbnail'><figure class='gallery-item'>\n\t\t\t<div class='gallery-icon landscape'>\n\t\t\t\t<a href='https:\/\/ostrowskatv.pl\/?attachment_id=11983'><img loading=\"lazy\" decoding=\"async\" width=\"150\" height=\"150\" src=\"https:\/\/ostrowskatv.pl\/wp-content\/uploads\/2020\/06\/IMG_20200605_112324-01-150x150.jpeg\" class=\"attachment-thumbnail size-thumbnail\" alt=\"\" \/><\/a>\n\t\t\t<\/div><\/figure><figure class='gallery-item'>\n\t\t\t<div class='gallery-icon landscape'>\n\t\t\t\t<a href='https:\/\/ostrowskatv.pl\/?attachment_id=11982'><img loading=\"lazy\" decoding=\"async\" width=\"150\" height=\"150\" src=\"https:\/\/ostrowskatv.pl\/wp-content\/uploads\/2020\/06\/IMG_20200605_112148-01-150x150.jpeg\" class=\"attachment-thumbnail size-thumbnail\" alt=\"\" \/><\/a>\n\t\t\t<\/div><\/figure>\n\t\t<\/div>\n\n","protected":false},"excerpt":{"rendered":"Do tragicznego incydentu dosz\u0142o na terenie Domu Pomocy Spo\u0142ecznej w Psarach. Jeden z podopiecznych zad\u0142awi\u0142 si\u0119 i pomimo udzielonej pomocy zmar\u0142. Oko\u0142o godziny \n<a class=\"moretag\" href=\"https:\/\/ostrowskatv.pl\/?p=11981\"> [...]<\/a>","protected":false},"author":1,"featured_media":11983,"comment_status":"open","ping_status":"closed","sticky":false,"template":"","format":"standard","meta":{"footnotes":""},"categories":[1],"tags":[165],"class_list":["post-11981","post","type-post","status-publish","format-standard","has-post-thumbnail","hentry","category-news","tag-psary"],"_links":{"self":[{"href":"https:\/\/ostrowskatv.pl\/index.php?rest_route=\/wp\/v2\/posts\/11981","targetHints":{"allow":["GET"]}}],"collection":[{"href":"https:\/\/ostrowskatv.pl\/index.php?rest_route=\/wp\/v2\/posts"}],"about":[{"href":"https:\/\/ostrowskatv.pl\/index.php?rest_route=\/wp\/v2\/types\/post"}],"author":[{"embeddable":true,"href":"https:\/\/ostrowskatv.pl\/index.php?rest_route=\/wp\/v2\/users\/1"}],"replies":[{"embeddable":true,"href":"https:\/\/ostrowskatv.pl\/index.php?rest_route=%2Fwp%2Fv2%2Fcomments&post=11981"}],"version-history":[{"count":0,"href":"https:\/\/ostrowskatv.pl\/index.php?rest_route=\/wp\/v2\/posts\/11981\/revisions"}],"wp:featuredmedia":[{"embeddable":true,"href":"https:\/\/ostrowskatv.pl\/index.php?rest_route=\/wp\/v2\/media\/11983"}],"wp:attachment":[{"href":"https:\/\/ostrowskatv.pl\/index.php?rest_route=%2Fwp%2Fv2%2Fmedia&parent=11981"}],"wp:term":[{"taxonomy":"category","embeddable":true,"href":"https:\/\/ostrowskatv.pl\/index.php?rest_route=%2Fwp%2Fv2%2Fcategories&post=11981"},{"taxonomy":"post_tag","embeddable":true,"href":"https:\/\/ostrowskatv.pl\/index.php?rest_route=%2Fwp%2Fv2%2Ftags&post=11981"}],"curies":[{"name":"wp","href":"https:\/\/api.w.org\/{rel}","templated":true}]}}