{"id":11952,"date":"2020-06-04T15:11:39","date_gmt":"2020-06-04T14:11:39","guid":{"rendered":"http:\/\/ostrowska.tv\/?p=11952"},"modified":"2020-06-04T15:11:39","modified_gmt":"2020-06-04T14:11:39","slug":"kolizje-na-limanowskiego-i-wankowicza-bmw-audi-ford-opel","status":"publish","type":"post","link":"https:\/\/ostrowskatv.pl\/?p=11952","title":{"rendered":"Kolizje na Limanowskiego i Wa\u0144kowicza. BMW, Audi, Ford, Opel"},"content":{"rendered":"<p><strong>W \u015brod\u0119 i czwartek dosz\u0142o do dw\u00f3ch kolizji w Ostrowie Wlkp. Na ul. Limanowskiego kierowca Opla najecha\u0142 na ty\u0142 Forda. W zdarzeniu nikt nie ucierpia\u0142, ale z uwagi na wyciek p\u0142ynu eksploatacyjnego wezwano stra\u017c po\u017carn\u0105. W czwartek kieruj\u0105ca Audi wyje\u017cd\u017caj\u0105c z parkingu przy firmie Mahle nie ust\u0105pi\u0142a pierwsze\u0144stwa kierowcy BMW jad\u0105cego ulic\u0105 Wa\u0144kowicza. Tu r\u00f3wnie\u017c oby\u0142o si\u0119 bez os\u00f3b poszkodowanych. <\/strong><\/p>\n<div id='gallery-1' class='gallery galleryid-11952 gallery-columns-3 gallery-size-thumbnail'><figure class='gallery-item'>\n\t\t\t<div class='gallery-icon landscape'>\n\t\t\t\t<a href='https:\/\/ostrowskatv.pl\/?attachment_id=11951'><img loading=\"lazy\" decoding=\"async\" width=\"150\" height=\"150\" src=\"https:\/\/ostrowskatv.pl\/wp-content\/uploads\/2020\/06\/IMG_20200604_153537-01-150x150.jpeg\" class=\"attachment-thumbnail size-thumbnail\" alt=\"\" \/><\/a>\n\t\t\t<\/div><\/figure><figure class='gallery-item'>\n\t\t\t<div class='gallery-icon landscape'>\n\t\t\t\t<a href='https:\/\/ostrowskatv.pl\/?attachment_id=11950'><img loading=\"lazy\" decoding=\"async\" width=\"150\" height=\"150\" src=\"https:\/\/ostrowskatv.pl\/wp-content\/uploads\/2020\/06\/IMG_20200604_153649-01-150x150.jpeg\" class=\"attachment-thumbnail size-thumbnail\" alt=\"\" \/><\/a>\n\t\t\t<\/div><\/figure><figure class='gallery-item'>\n\t\t\t<div class='gallery-icon landscape'>\n\t\t\t\t<a href='https:\/\/ostrowskatv.pl\/?attachment_id=11949'><img loading=\"lazy\" decoding=\"async\" width=\"150\" height=\"150\" src=\"https:\/\/ostrowskatv.pl\/wp-content\/uploads\/2020\/06\/IMG_20200603_210614-01-150x150.jpeg\" class=\"attachment-thumbnail size-thumbnail\" alt=\"\" \/><\/a>\n\t\t\t<\/div><\/figure><figure class='gallery-item'>\n\t\t\t<div class='gallery-icon landscape'>\n\t\t\t\t<a href='https:\/\/ostrowskatv.pl\/?attachment_id=11948'><img loading=\"lazy\" decoding=\"async\" width=\"150\" height=\"150\" src=\"https:\/\/ostrowskatv.pl\/wp-content\/uploads\/2020\/06\/IMG_20200603_210030-01-150x150.jpeg\" class=\"attachment-thumbnail size-thumbnail\" alt=\"\" \/><\/a>\n\t\t\t<\/div><\/figure>\n\t\t<\/div>\n\n","protected":false},"excerpt":{"rendered":"W \u015brod\u0119 i czwartek dosz\u0142o do dw\u00f3ch kolizji w Ostrowie Wlkp. Na ul. Limanowskiego kierowca Opla najecha\u0142 na ty\u0142 Forda. W zdarzeniu nikt \n<a class=\"moretag\" href=\"https:\/\/ostrowskatv.pl\/?p=11952\"> [...]<\/a>","protected":false},"author":1,"featured_media":11951,"comment_status":"open","ping_status":"closed","sticky":false,"template":"","format":"standard","meta":{"footnotes":""},"categories":[1],"tags":[2],"class_list":["post-11952","post","type-post","status-publish","format-standard","has-post-thumbnail","hentry","category-news","tag-ostrow-wielkopolski"],"_links":{"self":[{"href":"https:\/\/ostrowskatv.pl\/index.php?rest_route=\/wp\/v2\/posts\/11952","targetHints":{"allow":["GET"]}}],"collection":[{"href":"https:\/\/ostrowskatv.pl\/index.php?rest_route=\/wp\/v2\/posts"}],"about":[{"href":"https:\/\/ostrowskatv.pl\/index.php?rest_route=\/wp\/v2\/types\/post"}],"author":[{"embeddable":true,"href":"https:\/\/ostrowskatv.pl\/index.php?rest_route=\/wp\/v2\/users\/1"}],"replies":[{"embeddable":true,"href":"https:\/\/ostrowskatv.pl\/index.php?rest_route=%2Fwp%2Fv2%2Fcomments&post=11952"}],"version-history":[{"count":0,"href":"https:\/\/ostrowskatv.pl\/index.php?rest_route=\/wp\/v2\/posts\/11952\/revisions"}],"wp:featuredmedia":[{"embeddable":true,"href":"https:\/\/ostrowskatv.pl\/index.php?rest_route=\/wp\/v2\/media\/11951"}],"wp:attachment":[{"href":"https:\/\/ostrowskatv.pl\/index.php?rest_route=%2Fwp%2Fv2%2Fmedia&parent=11952"}],"wp:term":[{"taxonomy":"category","embeddable":true,"href":"https:\/\/ostrowskatv.pl\/index.php?rest_route=%2Fwp%2Fv2%2Fcategories&post=11952"},{"taxonomy":"post_tag","embeddable":true,"href":"https:\/\/ostrowskatv.pl\/index.php?rest_route=%2Fwp%2Fv2%2Ftags&post=11952"}],"curies":[{"name":"wp","href":"https:\/\/api.w.org\/{rel}","templated":true}]}}