{"id":11935,"date":"2020-06-02T22:24:30","date_gmt":"2020-06-02T21:24:30","guid":{"rendered":"http:\/\/ostrowska.tv\/?p=11935"},"modified":"2020-06-03T05:10:13","modified_gmt":"2020-06-03T04:10:13","slug":"pozar-w-dawnym-pgr-w-gorznie","status":"publish","type":"post","link":"https:\/\/ostrowskatv.pl\/?p=11935","title":{"rendered":"Po\u017cary w dawnym PGR w G\u00f3rznie + wiata w Szczurawicach"},"content":{"rendered":"<p><strong>Du\u017cy po\u017car powsta\u0142 w dawnym PGR w G\u00f3rznie. We wtorkowy wiecz\u00f3r ogie\u0144 obj\u0105\u0142 d\u0142ugi budynek, w kt\u00f3rym dawniej hodowano byd\u0142o, a obecnie s\u0142u\u017cy\u0142 za magazyn s\u0142omy. To kolejny du\u017cy po\u017car po dw\u00f3ch, do kt\u00f3rych niedawno dosz\u0142o w Sob\u00f3tce.<\/strong><\/p>\n<div id='gallery-1' class='gallery galleryid-11935 gallery-columns-3 gallery-size-thumbnail'><figure class='gallery-item'>\n\t\t\t<div class='gallery-icon landscape'>\n\t\t\t\t<a href='https:\/\/ostrowskatv.pl\/?attachment_id=11936'><img loading=\"lazy\" decoding=\"async\" width=\"150\" height=\"150\" src=\"https:\/\/ostrowskatv.pl\/wp-content\/uploads\/2020\/06\/IMG_20200602_224835-01-150x150.jpeg\" class=\"attachment-thumbnail size-thumbnail\" alt=\"\" \/><\/a>\n\t\t\t<\/div><\/figure><figure class='gallery-item'>\n\t\t\t<div class='gallery-icon landscape'>\n\t\t\t\t<a href='https:\/\/ostrowskatv.pl\/?attachment_id=11937'><img loading=\"lazy\" decoding=\"async\" width=\"150\" height=\"150\" src=\"https:\/\/ostrowskatv.pl\/wp-content\/uploads\/2020\/06\/IMG_20200602_225025-01-150x150.jpeg\" class=\"attachment-thumbnail size-thumbnail\" alt=\"\" \/><\/a>\n\t\t\t<\/div><\/figure><figure class='gallery-item'>\n\t\t\t<div class='gallery-icon landscape'>\n\t\t\t\t<a href='https:\/\/ostrowskatv.pl\/?attachment_id=11938'><img loading=\"lazy\" decoding=\"async\" width=\"150\" height=\"150\" src=\"https:\/\/ostrowskatv.pl\/wp-content\/uploads\/2020\/06\/IMG_20200602_224437-01-150x150.jpeg\" class=\"attachment-thumbnail size-thumbnail\" alt=\"\" \/><\/a>\n\t\t\t<\/div><\/figure>\n\t\t<\/div>\n\n<p>Oko\u0142o godz. 1.30 w miejscowo\u015bci Szczurawice zg\u0142oszono po\u017car wiaty ze s\u0142om\u0105. To ewidentnie robota podpalacza. <\/p>\n<div id='gallery-2' class='gallery galleryid-11935 gallery-columns-3 gallery-size-thumbnail'><figure class='gallery-item'>\n\t\t\t<div class='gallery-icon landscape'>\n\t\t\t\t<a href='https:\/\/ostrowskatv.pl\/?attachment_id=11940'><img loading=\"lazy\" decoding=\"async\" width=\"150\" height=\"150\" src=\"https:\/\/ostrowskatv.pl\/wp-content\/uploads\/2020\/06\/szczurawice-150x150.jpeg\" class=\"attachment-thumbnail size-thumbnail\" alt=\"\" \/><\/a>\n\t\t\t<\/div><\/figure>\n\t\t<\/div>\n\n","protected":false},"excerpt":{"rendered":"Du\u017cy po\u017car powsta\u0142 w dawnym PGR w G\u00f3rznie. We wtorkowy wiecz\u00f3r ogie\u0144 obj\u0105\u0142 d\u0142ugi budynek, w kt\u00f3rym dawniej hodowano byd\u0142o, a obecnie s\u0142u\u017cy\u0142 \n<a class=\"moretag\" href=\"https:\/\/ostrowskatv.pl\/?p=11935\"> [...]<\/a>","protected":false},"author":1,"featured_media":11936,"comment_status":"open","ping_status":"closed","sticky":false,"template":"","format":"standard","meta":{"footnotes":""},"categories":[1],"tags":[88],"class_list":["post-11935","post","type-post","status-publish","format-standard","has-post-thumbnail","hentry","category-news","tag-gorzno"],"_links":{"self":[{"href":"https:\/\/ostrowskatv.pl\/index.php?rest_route=\/wp\/v2\/posts\/11935","targetHints":{"allow":["GET"]}}],"collection":[{"href":"https:\/\/ostrowskatv.pl\/index.php?rest_route=\/wp\/v2\/posts"}],"about":[{"href":"https:\/\/ostrowskatv.pl\/index.php?rest_route=\/wp\/v2\/types\/post"}],"author":[{"embeddable":true,"href":"https:\/\/ostrowskatv.pl\/index.php?rest_route=\/wp\/v2\/users\/1"}],"replies":[{"embeddable":true,"href":"https:\/\/ostrowskatv.pl\/index.php?rest_route=%2Fwp%2Fv2%2Fcomments&post=11935"}],"version-history":[{"count":0,"href":"https:\/\/ostrowskatv.pl\/index.php?rest_route=\/wp\/v2\/posts\/11935\/revisions"}],"wp:featuredmedia":[{"embeddable":true,"href":"https:\/\/ostrowskatv.pl\/index.php?rest_route=\/wp\/v2\/media\/11936"}],"wp:attachment":[{"href":"https:\/\/ostrowskatv.pl\/index.php?rest_route=%2Fwp%2Fv2%2Fmedia&parent=11935"}],"wp:term":[{"taxonomy":"category","embeddable":true,"href":"https:\/\/ostrowskatv.pl\/index.php?rest_route=%2Fwp%2Fv2%2Fcategories&post=11935"},{"taxonomy":"post_tag","embeddable":true,"href":"https:\/\/ostrowskatv.pl\/index.php?rest_route=%2Fwp%2Fv2%2Ftags&post=11935"}],"curies":[{"name":"wp","href":"https:\/\/api.w.org\/{rel}","templated":true}]}}