{"id":11930,"date":"2020-06-02T13:23:32","date_gmt":"2020-06-02T12:23:32","guid":{"rendered":"http:\/\/ostrowska.tv\/?p=11930"},"modified":"2020-06-02T13:35:06","modified_gmt":"2020-06-02T12:35:06","slug":"maturzysta-zginal-jechal-oddac-ksiazki","status":"publish","type":"post","link":"https:\/\/ostrowskatv.pl\/?p=11930","title":{"rendered":"Maturzysta zgin\u0105\u0142. Jecha\u0142 odda\u0107 ksi\u0105\u017cki?"},"content":{"rendered":"<p><strong>Tegoroczny maturzysta zgin\u0105\u0142 w tragicznym wypadku, do kt\u00f3rego dosz\u0142o na prostym odcinku drogi. Nastoletni ucze\u0144 jecha\u0142 Fordem Fiest\u0105. Samoch\u00f3d zjecha\u0142 na przeciwny pas ruchu i zderzy\u0142 si\u0119 z dostawczym Mercedesem.<\/strong><\/p>\n<p>19-latek zgin\u0105\u0142 na miejscu. By\u0142 mieszka\u0144cem gm. Chocz. Z nieoficjalnych informacji pochodz\u0105cych po\u015brednio od rodziny wiadomo, \u017ce 19-latek by\u0142 tegorocznym maturzyst\u0105 i jecha\u0142 odda\u0107 ksi\u0105\u017cki.<\/p>\n<div id='gallery-1' class='gallery galleryid-11930 gallery-columns-3 gallery-size-thumbnail'><figure class='gallery-item'>\n\t\t\t<div class='gallery-icon landscape'>\n\t\t\t\t<a href='https:\/\/ostrowskatv.pl\/?attachment_id=11929'><img loading=\"lazy\" decoding=\"async\" width=\"150\" height=\"150\" src=\"https:\/\/ostrowskatv.pl\/wp-content\/uploads\/2020\/06\/IMG_20200602_131622-01-150x150.jpeg\" class=\"attachment-thumbnail size-thumbnail\" alt=\"\" \/><\/a>\n\t\t\t<\/div><\/figure><figure class='gallery-item'>\n\t\t\t<div class='gallery-icon landscape'>\n\t\t\t\t<a href='https:\/\/ostrowskatv.pl\/?attachment_id=11928'><img loading=\"lazy\" decoding=\"async\" width=\"150\" height=\"150\" src=\"https:\/\/ostrowskatv.pl\/wp-content\/uploads\/2020\/06\/IMG_20200602_131617-01-150x150.jpeg\" class=\"attachment-thumbnail size-thumbnail\" alt=\"\" \/><\/a>\n\t\t\t<\/div><\/figure><figure class='gallery-item'>\n\t\t\t<div class='gallery-icon landscape'>\n\t\t\t\t<a href='https:\/\/ostrowskatv.pl\/?attachment_id=11927'><img loading=\"lazy\" decoding=\"async\" width=\"150\" height=\"150\" src=\"https:\/\/ostrowskatv.pl\/wp-content\/uploads\/2020\/06\/IMG_20200602_131345-01-150x150.jpeg\" class=\"attachment-thumbnail size-thumbnail\" alt=\"\" \/><\/a>\n\t\t\t<\/div><\/figure><figure class='gallery-item'>\n\t\t\t<div class='gallery-icon landscape'>\n\t\t\t\t<a href='https:\/\/ostrowskatv.pl\/?attachment_id=11933'><img loading=\"lazy\" decoding=\"async\" width=\"150\" height=\"150\" src=\"https:\/\/ostrowskatv.pl\/wp-content\/uploads\/2020\/06\/IMG_20200602_131027-01-150x150.jpeg\" class=\"attachment-thumbnail size-thumbnail\" alt=\"\" \/><\/a>\n\t\t\t<\/div><\/figure><figure class='gallery-item'>\n\t\t\t<div class='gallery-icon landscape'>\n\t\t\t\t<a href='https:\/\/ostrowskatv.pl\/?attachment_id=11932'><img loading=\"lazy\" decoding=\"async\" width=\"150\" height=\"150\" src=\"https:\/\/ostrowskatv.pl\/wp-content\/uploads\/2020\/06\/IMG_20200602_131356-01-150x150.jpeg\" class=\"attachment-thumbnail size-thumbnail\" alt=\"\" \/><\/a>\n\t\t\t<\/div><\/figure>\n\t\t<\/div>\n\n","protected":false},"excerpt":{"rendered":"Tegoroczny maturzysta zgin\u0105\u0142 w tragicznym wypadku, do kt\u00f3rego dosz\u0142o na prostym odcinku drogi. Nastoletni ucze\u0144 jecha\u0142 Fordem Fiest\u0105. Samoch\u00f3d zjecha\u0142 na przeciwny pas \n<a class=\"moretag\" href=\"https:\/\/ostrowskatv.pl\/?p=11930\"> [...]<\/a>","protected":false},"author":1,"featured_media":11927,"comment_status":"open","ping_status":"closed","sticky":false,"template":"","format":"standard","meta":{"footnotes":""},"categories":[1],"tags":[11],"class_list":["post-11930","post","type-post","status-publish","format-standard","has-post-thumbnail","hentry","category-news","tag-wypadek"],"_links":{"self":[{"href":"https:\/\/ostrowskatv.pl\/index.php?rest_route=\/wp\/v2\/posts\/11930","targetHints":{"allow":["GET"]}}],"collection":[{"href":"https:\/\/ostrowskatv.pl\/index.php?rest_route=\/wp\/v2\/posts"}],"about":[{"href":"https:\/\/ostrowskatv.pl\/index.php?rest_route=\/wp\/v2\/types\/post"}],"author":[{"embeddable":true,"href":"https:\/\/ostrowskatv.pl\/index.php?rest_route=\/wp\/v2\/users\/1"}],"replies":[{"embeddable":true,"href":"https:\/\/ostrowskatv.pl\/index.php?rest_route=%2Fwp%2Fv2%2Fcomments&post=11930"}],"version-history":[{"count":0,"href":"https:\/\/ostrowskatv.pl\/index.php?rest_route=\/wp\/v2\/posts\/11930\/revisions"}],"wp:featuredmedia":[{"embeddable":true,"href":"https:\/\/ostrowskatv.pl\/index.php?rest_route=\/wp\/v2\/media\/11927"}],"wp:attachment":[{"href":"https:\/\/ostrowskatv.pl\/index.php?rest_route=%2Fwp%2Fv2%2Fmedia&parent=11930"}],"wp:term":[{"taxonomy":"category","embeddable":true,"href":"https:\/\/ostrowskatv.pl\/index.php?rest_route=%2Fwp%2Fv2%2Fcategories&post=11930"},{"taxonomy":"post_tag","embeddable":true,"href":"https:\/\/ostrowskatv.pl\/index.php?rest_route=%2Fwp%2Fv2%2Ftags&post=11930"}],"curies":[{"name":"wp","href":"https:\/\/api.w.org\/{rel}","templated":true}]}}