{"id":11915,"date":"2020-05-31T12:09:26","date_gmt":"2020-05-31T11:09:26","guid":{"rendered":"http:\/\/ostrowska.tv\/?p=11915"},"modified":"2020-05-31T12:15:37","modified_gmt":"2020-05-31T11:15:37","slug":"kolizja-na-rondzie-bankowym-31-maja-2020-peugeot-i-opel","status":"publish","type":"post","link":"https:\/\/ostrowskatv.pl\/?p=11915","title":{"rendered":"Kolizja na Rondzie Bankowym &#8211; 31 maja 2020 Peugeot i Opel"},"content":{"rendered":"<p><strong>Ostatniego dnia maja dosz\u0142o do kolizji na Rondzie Bankowym pomi\u0119dzy Peugeotem i Oplem. Chwilk\u0119 wcze\u015bniej przeje\u017cd\u017ca\u0142 tamt\u0119dy radiow\u00f3z i do zderzenia dosz\u0142o za jego ty\u0142em. Kierowca Opla wyjecha\u0142 z ulicy Chopina i nie zauwa\u017cy\u0142 Peugeota.<\/strong><\/p>\n<p>Oplem Meriv\u0105 kierowa\u0142 m\u0119\u017cczyzna w dojrza\u0142ym wieku. Po wyj\u015bciu z auta wida\u0107 jak puka si\u0119 w g\u0142ow\u0119 jakby chcia\u0142 powiedzie\u0107: &#8222;Co ja zrobi\u0142em?&#8221;. Natomiast kierowca z auta poszkodowanego w kolizji podnosi r\u0119ce w ge\u015bcie &#8222;Co\u015b pan zrobi\u0142?&#8221;. <\/p>\n<p>Na miejsce wezwano policj\u0119 i stra\u017c po\u017carn\u0105 do neutralizacji wyciek\u00f3w.<\/p>\n<p><iframe loading=\"lazy\" title=\"Kolizja na Rondzie Bankowym w Ostrowie Wlkp. Peugeot i Opel\" width=\"747\" height=\"420\" src=\"https:\/\/www.youtube.com\/embed\/kx79R776b0c?feature=oembed\" frameborder=\"0\" allow=\"accelerometer; autoplay; clipboard-write; encrypted-media; gyroscope; picture-in-picture; web-share\" referrerpolicy=\"strict-origin-when-cross-origin\" allowfullscreen><\/iframe><\/p>\n","protected":false},"excerpt":{"rendered":"Ostatniego dnia maja dosz\u0142o do kolizji na Rondzie Bankowym pomi\u0119dzy Peugeotem i Oplem. Chwilk\u0119 wcze\u015bniej przeje\u017cd\u017ca\u0142 tamt\u0119dy radiow\u00f3z i do zderzenia dosz\u0142o za \n<a class=\"moretag\" href=\"https:\/\/ostrowskatv.pl\/?p=11915\"> [...]<\/a>","protected":false},"author":1,"featured_media":11916,"comment_status":"open","ping_status":"closed","sticky":false,"template":"","format":"standard","meta":{"footnotes":""},"categories":[1],"tags":[2],"class_list":["post-11915","post","type-post","status-publish","format-standard","has-post-thumbnail","hentry","category-news","tag-ostrow-wielkopolski"],"_links":{"self":[{"href":"https:\/\/ostrowskatv.pl\/index.php?rest_route=\/wp\/v2\/posts\/11915","targetHints":{"allow":["GET"]}}],"collection":[{"href":"https:\/\/ostrowskatv.pl\/index.php?rest_route=\/wp\/v2\/posts"}],"about":[{"href":"https:\/\/ostrowskatv.pl\/index.php?rest_route=\/wp\/v2\/types\/post"}],"author":[{"embeddable":true,"href":"https:\/\/ostrowskatv.pl\/index.php?rest_route=\/wp\/v2\/users\/1"}],"replies":[{"embeddable":true,"href":"https:\/\/ostrowskatv.pl\/index.php?rest_route=%2Fwp%2Fv2%2Fcomments&post=11915"}],"version-history":[{"count":0,"href":"https:\/\/ostrowskatv.pl\/index.php?rest_route=\/wp\/v2\/posts\/11915\/revisions"}],"wp:featuredmedia":[{"embeddable":true,"href":"https:\/\/ostrowskatv.pl\/index.php?rest_route=\/wp\/v2\/media\/11916"}],"wp:attachment":[{"href":"https:\/\/ostrowskatv.pl\/index.php?rest_route=%2Fwp%2Fv2%2Fmedia&parent=11915"}],"wp:term":[{"taxonomy":"category","embeddable":true,"href":"https:\/\/ostrowskatv.pl\/index.php?rest_route=%2Fwp%2Fv2%2Fcategories&post=11915"},{"taxonomy":"post_tag","embeddable":true,"href":"https:\/\/ostrowskatv.pl\/index.php?rest_route=%2Fwp%2Fv2%2Ftags&post=11915"}],"curies":[{"name":"wp","href":"https:\/\/api.w.org\/{rel}","templated":true}]}}