{"id":11907,"date":"2020-05-30T12:39:48","date_gmt":"2020-05-30T11:39:48","guid":{"rendered":"http:\/\/ostrowska.tv\/?p=11907"},"modified":"2020-05-30T12:39:48","modified_gmt":"2020-05-30T11:39:48","slug":"zderzenie-citroena-i-peugeota-na-poczatku-ul-dworcowej","status":"publish","type":"post","link":"https:\/\/ostrowskatv.pl\/?p=11907","title":{"rendered":"Zderzenie Citroena i Peugeota na pocz\u0105tku ul. Dworcowej"},"content":{"rendered":"<p><strong>Na skrzy\u017cowaniu ulic Raszkowskiej i Dworcowej dosz\u0142o do kolizji dw\u00f3ch aut osobowych. Kieruj\u0105ca Peugeotem jecha\u0142a od strony centrum miasta i zamierza\u0142a skr\u0119ci\u0107 w lewo w ulic\u0119 Dworcow\u0105. Nie ust\u0105pi\u0142a pierwsze\u0144stwa jad\u0105cemu z przeciwka od strony wiaduktu kierowcy Citroena. W zdarzeniu nikt nie ucierpia\u0142.<\/strong><\/p>\n<div id='gallery-1' class='gallery galleryid-11907 gallery-columns-3 gallery-size-thumbnail'><figure class='gallery-item'>\n\t\t\t<div class='gallery-icon landscape'>\n\t\t\t\t<a href='https:\/\/ostrowskatv.pl\/?attachment_id=11906'><img loading=\"lazy\" decoding=\"async\" width=\"150\" height=\"150\" src=\"https:\/\/ostrowskatv.pl\/wp-content\/uploads\/2020\/05\/IMG_20200530_114422-01-150x150.jpeg\" class=\"attachment-thumbnail size-thumbnail\" alt=\"\" \/><\/a>\n\t\t\t<\/div><\/figure><figure class='gallery-item'>\n\t\t\t<div class='gallery-icon landscape'>\n\t\t\t\t<a href='https:\/\/ostrowskatv.pl\/?attachment_id=11905'><img loading=\"lazy\" decoding=\"async\" width=\"150\" height=\"150\" src=\"https:\/\/ostrowskatv.pl\/wp-content\/uploads\/2020\/05\/IMG_20200530_113323-01-150x150.jpeg\" class=\"attachment-thumbnail size-thumbnail\" alt=\"\" \/><\/a>\n\t\t\t<\/div><\/figure><figure class='gallery-item'>\n\t\t\t<div class='gallery-icon landscape'>\n\t\t\t\t<a href='https:\/\/ostrowskatv.pl\/?attachment_id=11904'><img loading=\"lazy\" decoding=\"async\" width=\"150\" height=\"150\" src=\"https:\/\/ostrowskatv.pl\/wp-content\/uploads\/2020\/05\/IMG_20200530_113319-01-150x150.jpeg\" class=\"attachment-thumbnail size-thumbnail\" alt=\"\" \/><\/a>\n\t\t\t<\/div><\/figure>\n\t\t<\/div>\n\n","protected":false},"excerpt":{"rendered":"Na skrzy\u017cowaniu ulic Raszkowskiej i Dworcowej dosz\u0142o do kolizji dw\u00f3ch aut osobowych. Kieruj\u0105ca Peugeotem jecha\u0142a od strony centrum miasta i zamierza\u0142a skr\u0119ci\u0107 w \n<a class=\"moretag\" href=\"https:\/\/ostrowskatv.pl\/?p=11907\"> [...]<\/a>","protected":false},"author":1,"featured_media":11906,"comment_status":"open","ping_status":"closed","sticky":false,"template":"","format":"standard","meta":{"footnotes":""},"categories":[1],"tags":[2],"class_list":["post-11907","post","type-post","status-publish","format-standard","has-post-thumbnail","hentry","category-news","tag-ostrow-wielkopolski"],"_links":{"self":[{"href":"https:\/\/ostrowskatv.pl\/index.php?rest_route=\/wp\/v2\/posts\/11907","targetHints":{"allow":["GET"]}}],"collection":[{"href":"https:\/\/ostrowskatv.pl\/index.php?rest_route=\/wp\/v2\/posts"}],"about":[{"href":"https:\/\/ostrowskatv.pl\/index.php?rest_route=\/wp\/v2\/types\/post"}],"author":[{"embeddable":true,"href":"https:\/\/ostrowskatv.pl\/index.php?rest_route=\/wp\/v2\/users\/1"}],"replies":[{"embeddable":true,"href":"https:\/\/ostrowskatv.pl\/index.php?rest_route=%2Fwp%2Fv2%2Fcomments&post=11907"}],"version-history":[{"count":0,"href":"https:\/\/ostrowskatv.pl\/index.php?rest_route=\/wp\/v2\/posts\/11907\/revisions"}],"wp:featuredmedia":[{"embeddable":true,"href":"https:\/\/ostrowskatv.pl\/index.php?rest_route=\/wp\/v2\/media\/11906"}],"wp:attachment":[{"href":"https:\/\/ostrowskatv.pl\/index.php?rest_route=%2Fwp%2Fv2%2Fmedia&parent=11907"}],"wp:term":[{"taxonomy":"category","embeddable":true,"href":"https:\/\/ostrowskatv.pl\/index.php?rest_route=%2Fwp%2Fv2%2Fcategories&post=11907"},{"taxonomy":"post_tag","embeddable":true,"href":"https:\/\/ostrowskatv.pl\/index.php?rest_route=%2Fwp%2Fv2%2Ftags&post=11907"}],"curies":[{"name":"wp","href":"https:\/\/api.w.org\/{rel}","templated":true}]}}