{"id":11902,"date":"2020-05-29T18:34:03","date_gmt":"2020-05-29T17:34:03","guid":{"rendered":"http:\/\/ostrowska.tv\/?p=11902"},"modified":"2020-05-29T18:34:03","modified_gmt":"2020-05-29T17:34:03","slug":"wypadek-renault-i-citroena-na-traugutta-czarnieckiego","status":"publish","type":"post","link":"https:\/\/ostrowskatv.pl\/?p=11902","title":{"rendered":"Wypadek Renault i Citroena na Traugutta &#8211; Czarnieckiego"},"content":{"rendered":"<p><strong>Oko\u0142o godz. 19.00 na skrzy\u017cowaniu ulic Traugutta i Czarnieckiego w Ostrowie Wielkopolskim dosz\u0142o do wypadku dw\u00f3ch aut osobowych. Kieruj\u0105ca Citroenem wymusi\u0142a pierwsze\u0144stwo przejazdu i uderzy\u0142a w bok Renault.\u00a0<\/strong><\/p>\n<p>Oboje kieruj\u0105cy byli przytomni. M\u0119\u017cczyzna krwawi\u0142 z g\u0142owy, a kobieta by\u0142a mocno obola\u0142a.<\/p>\n<p>Na miejscu zjawi\u0142a si\u0119 policja, stra\u017c po\u017carna i karetka.<\/p>\n<div id='gallery-1' class='gallery galleryid-11902 gallery-columns-3 gallery-size-thumbnail'><figure class='gallery-item'>\n\t\t\t<div class='gallery-icon landscape'>\n\t\t\t\t<a href='https:\/\/ostrowskatv.pl\/?attachment_id=11901'><img loading=\"lazy\" decoding=\"async\" width=\"150\" height=\"150\" src=\"https:\/\/ostrowskatv.pl\/wp-content\/uploads\/2020\/05\/IMG_20200529_191038-01-150x150.jpeg\" class=\"attachment-thumbnail size-thumbnail\" alt=\"\" \/><\/a>\n\t\t\t<\/div><\/figure><figure class='gallery-item'>\n\t\t\t<div class='gallery-icon landscape'>\n\t\t\t\t<a href='https:\/\/ostrowskatv.pl\/?attachment_id=11900'><img loading=\"lazy\" decoding=\"async\" width=\"150\" height=\"150\" src=\"https:\/\/ostrowskatv.pl\/wp-content\/uploads\/2020\/05\/IMG_20200529_191012-01-150x150.jpeg\" class=\"attachment-thumbnail size-thumbnail\" alt=\"\" \/><\/a>\n\t\t\t<\/div><\/figure><figure class='gallery-item'>\n\t\t\t<div class='gallery-icon landscape'>\n\t\t\t\t<a href='https:\/\/ostrowskatv.pl\/?attachment_id=11899'><img loading=\"lazy\" decoding=\"async\" width=\"150\" height=\"150\" src=\"https:\/\/ostrowskatv.pl\/wp-content\/uploads\/2020\/05\/IMG_20200529_191056-01-150x150.jpeg\" class=\"attachment-thumbnail size-thumbnail\" alt=\"\" \/><\/a>\n\t\t\t<\/div><\/figure>\n\t\t<\/div>\n\n","protected":false},"excerpt":{"rendered":"Oko\u0142o godz. 19.00 na skrzy\u017cowaniu ulic Traugutta i Czarnieckiego w Ostrowie Wielkopolskim dosz\u0142o do wypadku dw\u00f3ch aut osobowych. Kieruj\u0105ca Citroenem wymusi\u0142a pierwsze\u0144stwo przejazdu \n<a class=\"moretag\" href=\"https:\/\/ostrowskatv.pl\/?p=11902\"> [...]<\/a>","protected":false},"author":1,"featured_media":11901,"comment_status":"open","ping_status":"closed","sticky":false,"template":"","format":"standard","meta":{"footnotes":""},"categories":[1],"tags":[2],"class_list":["post-11902","post","type-post","status-publish","format-standard","has-post-thumbnail","hentry","category-news","tag-ostrow-wielkopolski"],"_links":{"self":[{"href":"https:\/\/ostrowskatv.pl\/index.php?rest_route=\/wp\/v2\/posts\/11902","targetHints":{"allow":["GET"]}}],"collection":[{"href":"https:\/\/ostrowskatv.pl\/index.php?rest_route=\/wp\/v2\/posts"}],"about":[{"href":"https:\/\/ostrowskatv.pl\/index.php?rest_route=\/wp\/v2\/types\/post"}],"author":[{"embeddable":true,"href":"https:\/\/ostrowskatv.pl\/index.php?rest_route=\/wp\/v2\/users\/1"}],"replies":[{"embeddable":true,"href":"https:\/\/ostrowskatv.pl\/index.php?rest_route=%2Fwp%2Fv2%2Fcomments&post=11902"}],"version-history":[{"count":0,"href":"https:\/\/ostrowskatv.pl\/index.php?rest_route=\/wp\/v2\/posts\/11902\/revisions"}],"wp:featuredmedia":[{"embeddable":true,"href":"https:\/\/ostrowskatv.pl\/index.php?rest_route=\/wp\/v2\/media\/11901"}],"wp:attachment":[{"href":"https:\/\/ostrowskatv.pl\/index.php?rest_route=%2Fwp%2Fv2%2Fmedia&parent=11902"}],"wp:term":[{"taxonomy":"category","embeddable":true,"href":"https:\/\/ostrowskatv.pl\/index.php?rest_route=%2Fwp%2Fv2%2Fcategories&post=11902"},{"taxonomy":"post_tag","embeddable":true,"href":"https:\/\/ostrowskatv.pl\/index.php?rest_route=%2Fwp%2Fv2%2Ftags&post=11902"}],"curies":[{"name":"wp","href":"https:\/\/api.w.org\/{rel}","templated":true}]}}