{"id":11889,"date":"2020-05-28T14:38:22","date_gmt":"2020-05-28T13:38:22","guid":{"rendered":"http:\/\/ostrowska.tv\/?p=11889"},"modified":"2020-05-28T14:38:22","modified_gmt":"2020-05-28T13:38:22","slug":"policjanci-uratowali-wisielca-na-ul-wolnosci","status":"publish","type":"post","link":"https:\/\/ostrowskatv.pl\/?p=11889","title":{"rendered":"Policjanci uratowali wisielca na ul. Wolno\u015bci"},"content":{"rendered":"<p><strong>Policjanci Wydzia\u0142u Prewencji ostrowskiej komendy uratowali 31-letniego m\u0119\u017cczyzn\u0119, kt\u00f3ry pr\u00f3bowa\u0142 targn\u0105\u0107 si\u0119 na swoje \u017cycie. Desperat zamkn\u0105\u0142 si\u0119 w swoim mieszkaniu w kamienicy przy ul. Wolno\u015bci w Ostrowie Wielkopolskim. <\/strong><\/p>\n<p>Policjanci wywa\u017cyli drzwi i zdj\u0119li p\u0119tle z szyi m\u0119\u017cczyzny. B\u0142yskawiczna reakcja funkcjonariuszy zapobieg\u0142a tragedii. Policjanci przekazali 31-latka za\u0142odze pogotowia ratunkowego.<\/p>\n<p>Kilka dni temu, po godzinie 19:00 do dy\u017curnego wp\u0142yn\u0119\u0142o zg\u0142oszenie o targni\u0119ciu si\u0119 na swoje \u017cycie przez m\u0119\u017cczyzn\u0119. Na miejsce pojechali szybko policjanci Wydzia\u0142u Prewencji sier\u017c.sztab. Wies\u0142aw So\u0142tysiak i post. Dariusz Kobusi\u0144ski. Gdy dojechali na miejsce zdarzenia zastali zg\u0142aszaj\u0105cych, kt\u00f3rzy poinformowali, \u017ce m\u0119\u017cczyzna wys\u0142a\u0142 sms, z kt\u00f3rego mia\u0142o wynika\u0107, \u017ce podejmie pr\u00f3b\u0119 samob\u00f3jcz\u0105. Policjanci natychmiast pobiegli pod wskazane mieszkanie. M\u0119\u017cczyzna nie otwiera\u0142 drzwi, dlatego te\u017c policjanci postanowili je wywa\u017cy\u0107. <\/p>\n<p>Gdy wbiegli do \u015brodka zauwa\u017cyli m\u0119\u017cczyzn\u0119 kt\u00f3ry nie mia\u0142 oznak \u017cycia. Funkcjonariusze w ostatniej chwili zdj\u0119li 31-latkowi p\u0119tle z szyi. M\u0119\u017cczyzna zacz\u0105\u0142 oddycha\u0107 i odzyska\u0142 przytomno\u015b\u0107. Po chwili na miejsce dotar\u0142o pogotowie ratunkowe.<\/p>\n<p>Funkcjonariusze monitorowali czynno\u015bci \u017cyciowe m\u0119\u017cczyzny do czasu przyjazdu za\u0142ogi pogotowia ratunkowego. 31-latek trafi\u0142 pod opiek\u0119 lekarzy.<\/p>\n","protected":false},"excerpt":{"rendered":"Policjanci Wydzia\u0142u Prewencji ostrowskiej komendy uratowali 31-letniego m\u0119\u017cczyzn\u0119, kt\u00f3ry pr\u00f3bowa\u0142 targn\u0105\u0107 si\u0119 na swoje \u017cycie. Desperat zamkn\u0105\u0142 si\u0119 w swoim mieszkaniu w kamienicy \n<a class=\"moretag\" href=\"https:\/\/ostrowskatv.pl\/?p=11889\"> [...]<\/a>","protected":false},"author":1,"featured_media":11891,"comment_status":"open","ping_status":"closed","sticky":false,"template":"","format":"standard","meta":{"footnotes":""},"categories":[1],"tags":[2],"class_list":["post-11889","post","type-post","status-publish","format-standard","has-post-thumbnail","hentry","category-news","tag-ostrow-wielkopolski"],"_links":{"self":[{"href":"https:\/\/ostrowskatv.pl\/index.php?rest_route=\/wp\/v2\/posts\/11889","targetHints":{"allow":["GET"]}}],"collection":[{"href":"https:\/\/ostrowskatv.pl\/index.php?rest_route=\/wp\/v2\/posts"}],"about":[{"href":"https:\/\/ostrowskatv.pl\/index.php?rest_route=\/wp\/v2\/types\/post"}],"author":[{"embeddable":true,"href":"https:\/\/ostrowskatv.pl\/index.php?rest_route=\/wp\/v2\/users\/1"}],"replies":[{"embeddable":true,"href":"https:\/\/ostrowskatv.pl\/index.php?rest_route=%2Fwp%2Fv2%2Fcomments&post=11889"}],"version-history":[{"count":0,"href":"https:\/\/ostrowskatv.pl\/index.php?rest_route=\/wp\/v2\/posts\/11889\/revisions"}],"wp:featuredmedia":[{"embeddable":true,"href":"https:\/\/ostrowskatv.pl\/index.php?rest_route=\/wp\/v2\/media\/11891"}],"wp:attachment":[{"href":"https:\/\/ostrowskatv.pl\/index.php?rest_route=%2Fwp%2Fv2%2Fmedia&parent=11889"}],"wp:term":[{"taxonomy":"category","embeddable":true,"href":"https:\/\/ostrowskatv.pl\/index.php?rest_route=%2Fwp%2Fv2%2Fcategories&post=11889"},{"taxonomy":"post_tag","embeddable":true,"href":"https:\/\/ostrowskatv.pl\/index.php?rest_route=%2Fwp%2Fv2%2Ftags&post=11889"}],"curies":[{"name":"wp","href":"https:\/\/api.w.org\/{rel}","templated":true}]}}