{"id":11863,"date":"2020-05-25T11:53:49","date_gmt":"2020-05-25T10:53:49","guid":{"rendered":"http:\/\/ostrowska.tv\/?p=11863"},"modified":"2020-05-25T11:54:25","modified_gmt":"2020-05-25T10:54:25","slug":"na-policyjnym-dolku-zmarl-mezczyzna","status":"publish","type":"post","link":"https:\/\/ostrowskatv.pl\/?p=11863","title":{"rendered":"Na policyjnym do\u0142ku zmar\u0142 m\u0119\u017cczyzna"},"content":{"rendered":"<p><strong>W niedziel\u0119 w Pomieszczeniu dla Os\u00f3b Zatrzymanych, zwanym potocznie policyjnym do\u0142kiem, mia\u0142 miejsce zgon 71-letniego m\u0119\u017cczyzny. M\u0119\u017cczyzna przebywa\u0142 w PDOZ celem wytrze\u017awienia. Przed osadzeniem, policjanci pojechali z m\u0119\u017cczyzn\u0105 do szpitala, zosta\u0142 on zbadany przez lekarza, kt\u00f3ry wyda\u0142 za\u015bwiadczenie o braku przeciwwskaza\u0144 do osadzenia w PDOZ. <\/strong><\/p>\n<p>Po godzinie 19:00 profos zauwa\u017cy\u0142, \u017ce m\u0119\u017cczyzna si\u0119 nie rusza w zwi\u0105zku z czym natychmiast sprawdzi\u0142 jego funkcje \u017cyciowe i podj\u0105\u0142 resuscytacj\u0119. Natychmiast zosta\u0142o powiadomione pogotowie ratunkowe. Niestety pomimo podj\u0119tej akcji resuscytacyjnej przez policjant\u00f3w i ratownik\u00f3w medycznych m\u0119\u017cczyzny nie uda\u0142o si\u0119 uratowa\u0107. Przyby\u0142y na miejsce lekarz stwierdzi\u0142 zgon m\u0119\u017cczyzny najprawdopodobniej z przyczyn naturalnych w zwi\u0105zku z problemami zdrowotnymi. Cia\u0142o m\u0119\u017cczyzny z polecenia prokuratora zosta\u0142o zabezpieczono do sekcji. \u015aledztwo prowadzi Prokuratura Rejonowa w Ostrowie Wielkopolskim. <\/p>\n","protected":false},"excerpt":{"rendered":"W niedziel\u0119 w Pomieszczeniu dla Os\u00f3b Zatrzymanych, zwanym potocznie policyjnym do\u0142kiem, mia\u0142 miejsce zgon 71-letniego m\u0119\u017cczyzny. M\u0119\u017cczyzna przebywa\u0142 w PDOZ celem wytrze\u017awienia. Przed \n<a class=\"moretag\" href=\"https:\/\/ostrowskatv.pl\/?p=11863\"> [...]<\/a>","protected":false},"author":1,"featured_media":11864,"comment_status":"open","ping_status":"closed","sticky":false,"template":"","format":"standard","meta":{"footnotes":""},"categories":[1],"tags":[2],"class_list":["post-11863","post","type-post","status-publish","format-standard","has-post-thumbnail","hentry","category-news","tag-ostrow-wielkopolski"],"_links":{"self":[{"href":"https:\/\/ostrowskatv.pl\/index.php?rest_route=\/wp\/v2\/posts\/11863","targetHints":{"allow":["GET"]}}],"collection":[{"href":"https:\/\/ostrowskatv.pl\/index.php?rest_route=\/wp\/v2\/posts"}],"about":[{"href":"https:\/\/ostrowskatv.pl\/index.php?rest_route=\/wp\/v2\/types\/post"}],"author":[{"embeddable":true,"href":"https:\/\/ostrowskatv.pl\/index.php?rest_route=\/wp\/v2\/users\/1"}],"replies":[{"embeddable":true,"href":"https:\/\/ostrowskatv.pl\/index.php?rest_route=%2Fwp%2Fv2%2Fcomments&post=11863"}],"version-history":[{"count":0,"href":"https:\/\/ostrowskatv.pl\/index.php?rest_route=\/wp\/v2\/posts\/11863\/revisions"}],"wp:featuredmedia":[{"embeddable":true,"href":"https:\/\/ostrowskatv.pl\/index.php?rest_route=\/wp\/v2\/media\/11864"}],"wp:attachment":[{"href":"https:\/\/ostrowskatv.pl\/index.php?rest_route=%2Fwp%2Fv2%2Fmedia&parent=11863"}],"wp:term":[{"taxonomy":"category","embeddable":true,"href":"https:\/\/ostrowskatv.pl\/index.php?rest_route=%2Fwp%2Fv2%2Fcategories&post=11863"},{"taxonomy":"post_tag","embeddable":true,"href":"https:\/\/ostrowskatv.pl\/index.php?rest_route=%2Fwp%2Fv2%2Ftags&post=11863"}],"curies":[{"name":"wp","href":"https:\/\/api.w.org\/{rel}","templated":true}]}}