{"id":11860,"date":"2020-05-25T11:51:20","date_gmt":"2020-05-25T10:51:20","guid":{"rendered":"http:\/\/ostrowska.tv\/?p=11860"},"modified":"2020-05-25T11:51:20","modified_gmt":"2020-05-25T10:51:20","slug":"w-ostrowie-skradziono-porsche","status":"publish","type":"post","link":"https:\/\/ostrowskatv.pl\/?p=11860","title":{"rendered":"W Ostrowie skradziono Porsche"},"content":{"rendered":"<p align=\"justify\"><strong>23 maja po godzinie 8:00 ostrowska komenda zosta\u0142a powiadomiona o kradzie\u017cy samochodu osobowego marki Porsche o warto\u015bci ponad 400 tys. z\u0142otych. Zdarzenie mia\u0142o miejsce przy ul. Z\u0119bcowskiej w Ostrowie Wlkp. Zdaniem w\u0142a\u015bciciela do kradzie\u017cy dosz\u0142o w nocy z 22-23.05.2020 na niestrze\u017conym parkingu samochodowym. Samoch\u00f3d koloru br\u0105zowego, rok produkcji 2014, posiada\u0142 Autocasco.<\/strong><\/p>\n<p>(zdj\u0119cie pogl\u0105dowe, niekoniecznie odpowiadaj\u0105ce wygl\u0105dowi w\u0142a\u015bciwego auta)<\/p>\n","protected":false},"excerpt":{"rendered":"23 maja po godzinie 8:00 ostrowska komenda zosta\u0142a powiadomiona o kradzie\u017cy samochodu osobowego marki Porsche o warto\u015bci ponad 400 tys. z\u0142otych. Zdarzenie mia\u0142o \n<a class=\"moretag\" href=\"https:\/\/ostrowskatv.pl\/?p=11860\"> [...]<\/a>","protected":false},"author":1,"featured_media":11861,"comment_status":"open","ping_status":"closed","sticky":false,"template":"","format":"standard","meta":{"footnotes":""},"categories":[1],"tags":[2],"class_list":["post-11860","post","type-post","status-publish","format-standard","has-post-thumbnail","hentry","category-news","tag-ostrow-wielkopolski"],"_links":{"self":[{"href":"https:\/\/ostrowskatv.pl\/index.php?rest_route=\/wp\/v2\/posts\/11860","targetHints":{"allow":["GET"]}}],"collection":[{"href":"https:\/\/ostrowskatv.pl\/index.php?rest_route=\/wp\/v2\/posts"}],"about":[{"href":"https:\/\/ostrowskatv.pl\/index.php?rest_route=\/wp\/v2\/types\/post"}],"author":[{"embeddable":true,"href":"https:\/\/ostrowskatv.pl\/index.php?rest_route=\/wp\/v2\/users\/1"}],"replies":[{"embeddable":true,"href":"https:\/\/ostrowskatv.pl\/index.php?rest_route=%2Fwp%2Fv2%2Fcomments&post=11860"}],"version-history":[{"count":0,"href":"https:\/\/ostrowskatv.pl\/index.php?rest_route=\/wp\/v2\/posts\/11860\/revisions"}],"wp:featuredmedia":[{"embeddable":true,"href":"https:\/\/ostrowskatv.pl\/index.php?rest_route=\/wp\/v2\/media\/11861"}],"wp:attachment":[{"href":"https:\/\/ostrowskatv.pl\/index.php?rest_route=%2Fwp%2Fv2%2Fmedia&parent=11860"}],"wp:term":[{"taxonomy":"category","embeddable":true,"href":"https:\/\/ostrowskatv.pl\/index.php?rest_route=%2Fwp%2Fv2%2Fcategories&post=11860"},{"taxonomy":"post_tag","embeddable":true,"href":"https:\/\/ostrowskatv.pl\/index.php?rest_route=%2Fwp%2Fv2%2Ftags&post=11860"}],"curies":[{"name":"wp","href":"https:\/\/api.w.org\/{rel}","templated":true}]}}