{"id":11850,"date":"2020-05-23T16:39:45","date_gmt":"2020-05-23T15:39:45","guid":{"rendered":"http:\/\/ostrowska.tv\/?p=11850"},"modified":"2020-05-23T16:39:45","modified_gmt":"2020-05-23T15:39:45","slug":"jak-w-kosciele-katolickim-zamiata-sie-sprawy-brudne-pod-dywan","status":"publish","type":"post","link":"https:\/\/ostrowskatv.pl\/?p=11850","title":{"rendered":"Jak w ko\u015bciele katolickim zamiata si\u0119 &#8222;sprawy brudne&#8221; pod dywan"},"content":{"rendered":"<p><strong>Poni\u017cszy film m\u00f3g\u0142by pos\u0142u\u017cy\u0107 za instrukta\u017c dla przedstawicieli ko\u015bcio\u0142a katolickiego. Odzwierciedla on ducha argumentacji u\u017cywanych do zamiecenia brudnej sprawy pod dywan. Materia\u0142 powsta\u0142 podczas pr\u00f3by dostania si\u0119 do biskupa diecezji kaliskiej Edwarda Janiaka. Ten mia\u0142 si\u0119 odnie\u015b\u0107 do sprawy jednego z ksi\u0119\u017cy Edwarda P. skazanego za pedofili\u0119. Kilka lat p\u00f3\u017aniej prowadzi\u0142 rekolekcje dla dzieci. Siostra zakonna u\u017cywa wielu argument\u00f3w, \u017ceby dziennikarz nie zajmowa\u0142 si\u0119 t\u0105 spraw\u0105.<\/strong><\/p>\n<p><iframe loading=\"lazy\" title=\"Jak w ko\u015bciele zamiata si\u0119 &quot;sprawy brudne&quot; pod dywan\" width=\"747\" height=\"420\" src=\"https:\/\/www.youtube.com\/embed\/GkXg5DAmu3w?feature=oembed\" frameborder=\"0\" allow=\"accelerometer; autoplay; clipboard-write; encrypted-media; gyroscope; picture-in-picture; web-share\" referrerpolicy=\"strict-origin-when-cross-origin\" allowfullscreen><\/iframe><\/p>\n<p>&nbsp;<\/p>\n","protected":false},"excerpt":{"rendered":"Poni\u017cszy film m\u00f3g\u0142by pos\u0142u\u017cy\u0107 za instrukta\u017c dla przedstawicieli ko\u015bcio\u0142a katolickiego. Odzwierciedla on ducha argumentacji u\u017cywanych do zamiecenia brudnej sprawy pod dywan. Materia\u0142 powsta\u0142 \n<a class=\"moretag\" href=\"https:\/\/ostrowskatv.pl\/?p=11850\"> [...]<\/a>","protected":false},"author":1,"featured_media":11851,"comment_status":"open","ping_status":"closed","sticky":false,"template":"","format":"standard","meta":{"footnotes":""},"categories":[1],"tags":[80],"class_list":["post-11850","post","type-post","status-publish","format-standard","has-post-thumbnail","hentry","category-news","tag-kalisz"],"_links":{"self":[{"href":"https:\/\/ostrowskatv.pl\/index.php?rest_route=\/wp\/v2\/posts\/11850","targetHints":{"allow":["GET"]}}],"collection":[{"href":"https:\/\/ostrowskatv.pl\/index.php?rest_route=\/wp\/v2\/posts"}],"about":[{"href":"https:\/\/ostrowskatv.pl\/index.php?rest_route=\/wp\/v2\/types\/post"}],"author":[{"embeddable":true,"href":"https:\/\/ostrowskatv.pl\/index.php?rest_route=\/wp\/v2\/users\/1"}],"replies":[{"embeddable":true,"href":"https:\/\/ostrowskatv.pl\/index.php?rest_route=%2Fwp%2Fv2%2Fcomments&post=11850"}],"version-history":[{"count":0,"href":"https:\/\/ostrowskatv.pl\/index.php?rest_route=\/wp\/v2\/posts\/11850\/revisions"}],"wp:featuredmedia":[{"embeddable":true,"href":"https:\/\/ostrowskatv.pl\/index.php?rest_route=\/wp\/v2\/media\/11851"}],"wp:attachment":[{"href":"https:\/\/ostrowskatv.pl\/index.php?rest_route=%2Fwp%2Fv2%2Fmedia&parent=11850"}],"wp:term":[{"taxonomy":"category","embeddable":true,"href":"https:\/\/ostrowskatv.pl\/index.php?rest_route=%2Fwp%2Fv2%2Fcategories&post=11850"},{"taxonomy":"post_tag","embeddable":true,"href":"https:\/\/ostrowskatv.pl\/index.php?rest_route=%2Fwp%2Fv2%2Ftags&post=11850"}],"curies":[{"name":"wp","href":"https:\/\/api.w.org\/{rel}","templated":true}]}}