{"id":11825,"date":"2020-05-18T16:49:07","date_gmt":"2020-05-18T15:49:07","guid":{"rendered":"http:\/\/ostrowska.tv\/?p=11825"},"modified":"2020-05-18T16:49:56","modified_gmt":"2020-05-18T15:49:56","slug":"pozar-kurnika-w-topoli-wielkiej","status":"publish","type":"post","link":"https:\/\/ostrowskatv.pl\/?p=11825","title":{"rendered":"Po\u017car kurnika w Topoli Wielkiej"},"content":{"rendered":"<p><strong>Po godzinie 17.00 dosz\u0142o do po\u017caru kurnika w Topoli Wielkiej. Na ulic\u0119 D\u0142ug\u0105 skierowano oko\u0142o 10 zast\u0119p\u00f3w stra\u017cy po\u017carnej. Kurnik ma wielko\u015b\u0107 100&#215;25 metr\u00f3w.<\/strong><\/p>\n<p>Ze wst\u0119pnych ustale\u0144 wynika, \u017ce obiekt by\u0142 jeszcze pusty. Zwierz\u0119ta planowano wpuszcza\u0107 jutro.<\/p>\n","protected":false},"excerpt":{"rendered":"Po godzinie 17.00 dosz\u0142o do po\u017caru kurnika w Topoli Wielkiej. Na ulic\u0119 D\u0142ug\u0105 skierowano oko\u0142o 10 zast\u0119p\u00f3w stra\u017cy po\u017carnej. Kurnik ma wielko\u015b\u0107 100&#215;25 \n<a class=\"moretag\" href=\"https:\/\/ostrowskatv.pl\/?p=11825\"> [...]<\/a>","protected":false},"author":1,"featured_media":11824,"comment_status":"open","ping_status":"closed","sticky":false,"template":"","format":"standard","meta":{"footnotes":""},"categories":[1],"tags":[163],"class_list":["post-11825","post","type-post","status-publish","format-standard","has-post-thumbnail","hentry","category-news","tag-topola-wielka"],"_links":{"self":[{"href":"https:\/\/ostrowskatv.pl\/index.php?rest_route=\/wp\/v2\/posts\/11825","targetHints":{"allow":["GET"]}}],"collection":[{"href":"https:\/\/ostrowskatv.pl\/index.php?rest_route=\/wp\/v2\/posts"}],"about":[{"href":"https:\/\/ostrowskatv.pl\/index.php?rest_route=\/wp\/v2\/types\/post"}],"author":[{"embeddable":true,"href":"https:\/\/ostrowskatv.pl\/index.php?rest_route=\/wp\/v2\/users\/1"}],"replies":[{"embeddable":true,"href":"https:\/\/ostrowskatv.pl\/index.php?rest_route=%2Fwp%2Fv2%2Fcomments&post=11825"}],"version-history":[{"count":0,"href":"https:\/\/ostrowskatv.pl\/index.php?rest_route=\/wp\/v2\/posts\/11825\/revisions"}],"wp:featuredmedia":[{"embeddable":true,"href":"https:\/\/ostrowskatv.pl\/index.php?rest_route=\/wp\/v2\/media\/11824"}],"wp:attachment":[{"href":"https:\/\/ostrowskatv.pl\/index.php?rest_route=%2Fwp%2Fv2%2Fmedia&parent=11825"}],"wp:term":[{"taxonomy":"category","embeddable":true,"href":"https:\/\/ostrowskatv.pl\/index.php?rest_route=%2Fwp%2Fv2%2Fcategories&post=11825"},{"taxonomy":"post_tag","embeddable":true,"href":"https:\/\/ostrowskatv.pl\/index.php?rest_route=%2Fwp%2Fv2%2Ftags&post=11825"}],"curies":[{"name":"wp","href":"https:\/\/api.w.org\/{rel}","templated":true}]}}