{"id":11796,"date":"2020-05-16T18:52:20","date_gmt":"2020-05-16T17:52:20","guid":{"rendered":"http:\/\/ostrowska.tv\/?p=11796"},"modified":"2020-05-16T18:52:20","modified_gmt":"2020-05-16T17:52:20","slug":"potracony-pieszy-przez-volkswagena-na-gorzyckiej","status":"publish","type":"post","link":"https:\/\/ostrowskatv.pl\/?p=11796","title":{"rendered":"Potr\u0105cony pieszy przez Volkswagena na Gorzyckiej"},"content":{"rendered":"<p><strong>Kierowca Volkswagena skr\u0119ca\u0142 z ulicy Ch\u0142apowskiego w prawo w Gorzyck\u0105. Mia\u0142 zielone \u015bwiat\u0142o do jazdy na wprost, ale powinien ust\u0105pi\u0107 pieszemu, kt\u00f3ry wchodzi\u0142 na przej\u015bcie dla pieszych.\u00a0<\/strong><\/p>\n<p>Ostatecznie m\u0119\u017cczyzna w \u015brednim wieku w wyniku potr\u0105cenia dozna\u0142 urazu g\u0142owy i uskar\u017ca\u0142 si\u0119 na b\u00f3l kr\u0119gos\u0142upa. Przed przyjazdem karetki zosta\u0142 bardzo dobrze opatrzony przez osoby postronne.<\/p>\n<div id='gallery-1' class='gallery galleryid-11796 gallery-columns-3 gallery-size-thumbnail'><figure class='gallery-item'>\n\t\t\t<div class='gallery-icon landscape'>\n\t\t\t\t<a href='https:\/\/ostrowskatv.pl\/?attachment_id=11794'><img loading=\"lazy\" decoding=\"async\" width=\"150\" height=\"150\" src=\"https:\/\/ostrowskatv.pl\/wp-content\/uploads\/2020\/05\/IMG_20200516_185941-01-150x150.jpeg\" class=\"attachment-thumbnail size-thumbnail\" alt=\"\" \/><\/a>\n\t\t\t<\/div><\/figure><figure class='gallery-item'>\n\t\t\t<div class='gallery-icon landscape'>\n\t\t\t\t<a href='https:\/\/ostrowskatv.pl\/?attachment_id=11795'><img loading=\"lazy\" decoding=\"async\" width=\"150\" height=\"150\" src=\"https:\/\/ostrowskatv.pl\/wp-content\/uploads\/2020\/05\/IMG_20200516_185952-01-150x150.jpeg\" class=\"attachment-thumbnail size-thumbnail\" alt=\"\" \/><\/a>\n\t\t\t<\/div><\/figure><figure class='gallery-item'>\n\t\t\t<div class='gallery-icon landscape'>\n\t\t\t\t<a href='https:\/\/ostrowskatv.pl\/?attachment_id=11793'><img loading=\"lazy\" decoding=\"async\" width=\"150\" height=\"150\" src=\"https:\/\/ostrowskatv.pl\/wp-content\/uploads\/2020\/05\/IMG_20200516_185734-01-150x150.jpeg\" class=\"attachment-thumbnail size-thumbnail\" alt=\"\" \/><\/a>\n\t\t\t<\/div><\/figure>\n\t\t<\/div>\n\n","protected":false},"excerpt":{"rendered":"Kierowca Volkswagena skr\u0119ca\u0142 z ulicy Ch\u0142apowskiego w prawo w Gorzyck\u0105. Mia\u0142 zielone \u015bwiat\u0142o do jazdy na wprost, ale powinien ust\u0105pi\u0107 pieszemu, kt\u00f3ry wchodzi\u0142 \n<a class=\"moretag\" href=\"https:\/\/ostrowskatv.pl\/?p=11796\"> [...]<\/a>","protected":false},"author":1,"featured_media":11793,"comment_status":"open","ping_status":"closed","sticky":false,"template":"","format":"standard","meta":{"footnotes":""},"categories":[1],"tags":[2],"class_list":["post-11796","post","type-post","status-publish","format-standard","has-post-thumbnail","hentry","category-news","tag-ostrow-wielkopolski"],"_links":{"self":[{"href":"https:\/\/ostrowskatv.pl\/index.php?rest_route=\/wp\/v2\/posts\/11796","targetHints":{"allow":["GET"]}}],"collection":[{"href":"https:\/\/ostrowskatv.pl\/index.php?rest_route=\/wp\/v2\/posts"}],"about":[{"href":"https:\/\/ostrowskatv.pl\/index.php?rest_route=\/wp\/v2\/types\/post"}],"author":[{"embeddable":true,"href":"https:\/\/ostrowskatv.pl\/index.php?rest_route=\/wp\/v2\/users\/1"}],"replies":[{"embeddable":true,"href":"https:\/\/ostrowskatv.pl\/index.php?rest_route=%2Fwp%2Fv2%2Fcomments&post=11796"}],"version-history":[{"count":0,"href":"https:\/\/ostrowskatv.pl\/index.php?rest_route=\/wp\/v2\/posts\/11796\/revisions"}],"wp:featuredmedia":[{"embeddable":true,"href":"https:\/\/ostrowskatv.pl\/index.php?rest_route=\/wp\/v2\/media\/11793"}],"wp:attachment":[{"href":"https:\/\/ostrowskatv.pl\/index.php?rest_route=%2Fwp%2Fv2%2Fmedia&parent=11796"}],"wp:term":[{"taxonomy":"category","embeddable":true,"href":"https:\/\/ostrowskatv.pl\/index.php?rest_route=%2Fwp%2Fv2%2Fcategories&post=11796"},{"taxonomy":"post_tag","embeddable":true,"href":"https:\/\/ostrowskatv.pl\/index.php?rest_route=%2Fwp%2Fv2%2Ftags&post=11796"}],"curies":[{"name":"wp","href":"https:\/\/api.w.org\/{rel}","templated":true}]}}