{"id":11786,"date":"2020-05-15T08:53:10","date_gmt":"2020-05-15T07:53:10","guid":{"rendered":"http:\/\/ostrowska.tv\/?p=11786"},"modified":"2020-05-15T08:53:10","modified_gmt":"2020-05-15T07:53:10","slug":"zderzenie-peugeota-i-mercedesa-na-skrzyzowaniu-ulic-gorzycka-i-topolowa","status":"publish","type":"post","link":"https:\/\/ostrowskatv.pl\/?p=11786","title":{"rendered":"Zderzenie Peugeota i Mercedesa na skrzy\u017cowaniu ulic Gorzycka i Topolowa"},"content":{"rendered":"<p><strong>M\u0119\u017cczyzna jad\u0105c Peugeotem 206 wyje\u017cd\u017ca\u0142 z ulicy Topolowej w Gorzyck\u0105. Nie ust\u0105pi\u0142 pierwsze\u0144stwa i zderzy\u0142 si\u0119 z Mercedesem. Obaj kierowcy nie odnie\u015bli powa\u017cniejszych obra\u017ce\u0144, ale jeden z kierowc\u00f3w mia\u0142 uraz dw\u00f3ch palc\u00f3w, najpewniej wskutek wybuchu poduszki powietrznej. Nie skorzysta\u0142 jednak z mo\u017cliwo\u015bci udania si\u0119 karetk\u0105 do szpitala.<\/strong><\/p>\n<p>Na miejscu interweniowali tak\u017ce stra\u017cacy.<\/p>\n<div id='gallery-1' class='gallery galleryid-11786 gallery-columns-3 gallery-size-thumbnail'><figure class='gallery-item'>\n\t\t\t<div class='gallery-icon landscape'>\n\t\t\t\t<a href='https:\/\/ostrowskatv.pl\/?attachment_id=11788'><img loading=\"lazy\" decoding=\"async\" width=\"150\" height=\"150\" src=\"https:\/\/ostrowskatv.pl\/wp-content\/uploads\/2020\/05\/topolowa2-150x150.jpeg\" class=\"attachment-thumbnail size-thumbnail\" alt=\"\" \/><\/a>\n\t\t\t<\/div><\/figure><figure class='gallery-item'>\n\t\t\t<div class='gallery-icon landscape'>\n\t\t\t\t<a href='https:\/\/ostrowskatv.pl\/?attachment_id=11787'><img loading=\"lazy\" decoding=\"async\" width=\"150\" height=\"150\" src=\"https:\/\/ostrowskatv.pl\/wp-content\/uploads\/2020\/05\/gorzycka-150x150.jpg\" class=\"attachment-thumbnail size-thumbnail\" alt=\"\" \/><\/a>\n\t\t\t<\/div><\/figure>\n\t\t<\/div>\n\n","protected":false},"excerpt":{"rendered":"M\u0119\u017cczyzna jad\u0105c Peugeotem 206 wyje\u017cd\u017ca\u0142 z ulicy Topolowej w Gorzyck\u0105. Nie ust\u0105pi\u0142 pierwsze\u0144stwa i zderzy\u0142 si\u0119 z Mercedesem. Obaj kierowcy nie odnie\u015bli powa\u017cniejszych \n<a class=\"moretag\" href=\"https:\/\/ostrowskatv.pl\/?p=11786\"> [...]<\/a>","protected":false},"author":1,"featured_media":11788,"comment_status":"open","ping_status":"closed","sticky":false,"template":"","format":"standard","meta":{"footnotes":""},"categories":[1],"tags":[2],"class_list":["post-11786","post","type-post","status-publish","format-standard","has-post-thumbnail","hentry","category-news","tag-ostrow-wielkopolski"],"_links":{"self":[{"href":"https:\/\/ostrowskatv.pl\/index.php?rest_route=\/wp\/v2\/posts\/11786","targetHints":{"allow":["GET"]}}],"collection":[{"href":"https:\/\/ostrowskatv.pl\/index.php?rest_route=\/wp\/v2\/posts"}],"about":[{"href":"https:\/\/ostrowskatv.pl\/index.php?rest_route=\/wp\/v2\/types\/post"}],"author":[{"embeddable":true,"href":"https:\/\/ostrowskatv.pl\/index.php?rest_route=\/wp\/v2\/users\/1"}],"replies":[{"embeddable":true,"href":"https:\/\/ostrowskatv.pl\/index.php?rest_route=%2Fwp%2Fv2%2Fcomments&post=11786"}],"version-history":[{"count":0,"href":"https:\/\/ostrowskatv.pl\/index.php?rest_route=\/wp\/v2\/posts\/11786\/revisions"}],"wp:featuredmedia":[{"embeddable":true,"href":"https:\/\/ostrowskatv.pl\/index.php?rest_route=\/wp\/v2\/media\/11788"}],"wp:attachment":[{"href":"https:\/\/ostrowskatv.pl\/index.php?rest_route=%2Fwp%2Fv2%2Fmedia&parent=11786"}],"wp:term":[{"taxonomy":"category","embeddable":true,"href":"https:\/\/ostrowskatv.pl\/index.php?rest_route=%2Fwp%2Fv2%2Fcategories&post=11786"},{"taxonomy":"post_tag","embeddable":true,"href":"https:\/\/ostrowskatv.pl\/index.php?rest_route=%2Fwp%2Fv2%2Ftags&post=11786"}],"curies":[{"name":"wp","href":"https:\/\/api.w.org\/{rel}","templated":true}]}}