{"id":11775,"date":"2020-05-12T10:54:22","date_gmt":"2020-05-12T09:54:22","guid":{"rendered":"http:\/\/ostrowska.tv\/?p=11775"},"modified":"2020-05-12T10:54:22","modified_gmt":"2020-05-12T09:54:22","slug":"pozar-w-domu-na-ul-chodkiewicza","status":"publish","type":"post","link":"https:\/\/ostrowskatv.pl\/?p=11775","title":{"rendered":"Po\u017car w domu na ul. Chodkiewicza"},"content":{"rendered":"<p><strong>Na ul. Chodkiewicza s\u0105siedzi zauwa\u017cyli po\u017car domu jednorodzinnego. Po wezwaniu stra\u017cy po\u017carnej, p\u0142omienie wydobywa\u0142y si\u0119 z wn\u0119trza domu. Na szcz\u0119\u015bcie kobiecie przebywaj\u0105cej wewn\u0105trz, uda\u0142o si\u0119 opu\u015bci\u0107 dom bez odniesienia obra\u017ce\u0144.<\/strong><\/p>\n<p>Stra\u017cacy przyst\u0105pili do gaszenia po\u017caru, kt\u00f3rego \u017ar\u00f3d\u0142o zlokalizowano na parterze budynku.<\/p>\n<p>Na miejsce wezwano tak\u017ce policj\u0119, przedstawicieli miejskiego zarz\u0105dzania kryzysowego.<\/p>\n<div id='gallery-1' class='gallery galleryid-11775 gallery-columns-3 gallery-size-thumbnail'><figure class='gallery-item'>\n\t\t\t<div class='gallery-icon landscape'>\n\t\t\t\t<a href='https:\/\/ostrowskatv.pl\/?attachment_id=11774'><img loading=\"lazy\" decoding=\"async\" width=\"150\" height=\"150\" src=\"https:\/\/ostrowskatv.pl\/wp-content\/uploads\/2020\/05\/IMG_20200512_112133-01-150x150.jpeg\" class=\"attachment-thumbnail size-thumbnail\" alt=\"\" \/><\/a>\n\t\t\t<\/div><\/figure><figure class='gallery-item'>\n\t\t\t<div class='gallery-icon landscape'>\n\t\t\t\t<a href='https:\/\/ostrowskatv.pl\/?attachment_id=11773'><img loading=\"lazy\" decoding=\"async\" width=\"150\" height=\"150\" src=\"https:\/\/ostrowskatv.pl\/wp-content\/uploads\/2020\/05\/IMG_20200512_112124-01-150x150.jpeg\" class=\"attachment-thumbnail size-thumbnail\" alt=\"\" \/><\/a>\n\t\t\t<\/div><\/figure><figure class='gallery-item'>\n\t\t\t<div class='gallery-icon landscape'>\n\t\t\t\t<a href='https:\/\/ostrowskatv.pl\/?attachment_id=11772'><img loading=\"lazy\" decoding=\"async\" width=\"150\" height=\"150\" src=\"https:\/\/ostrowskatv.pl\/wp-content\/uploads\/2020\/05\/IMG_20200512_112117-01-150x150.jpeg\" class=\"attachment-thumbnail size-thumbnail\" alt=\"\" \/><\/a>\n\t\t\t<\/div><\/figure>\n\t\t<\/div>\n\n","protected":false},"excerpt":{"rendered":"Na ul. Chodkiewicza s\u0105siedzi zauwa\u017cyli po\u017car domu jednorodzinnego. Po wezwaniu stra\u017cy po\u017carnej, p\u0142omienie wydobywa\u0142y si\u0119 z wn\u0119trza domu. Na szcz\u0119\u015bcie kobiecie przebywaj\u0105cej wewn\u0105trz, \n<a class=\"moretag\" href=\"https:\/\/ostrowskatv.pl\/?p=11775\"> [...]<\/a>","protected":false},"author":1,"featured_media":11774,"comment_status":"open","ping_status":"closed","sticky":false,"template":"","format":"standard","meta":{"footnotes":""},"categories":[1],"tags":[2],"class_list":["post-11775","post","type-post","status-publish","format-standard","has-post-thumbnail","hentry","category-news","tag-ostrow-wielkopolski"],"_links":{"self":[{"href":"https:\/\/ostrowskatv.pl\/index.php?rest_route=\/wp\/v2\/posts\/11775","targetHints":{"allow":["GET"]}}],"collection":[{"href":"https:\/\/ostrowskatv.pl\/index.php?rest_route=\/wp\/v2\/posts"}],"about":[{"href":"https:\/\/ostrowskatv.pl\/index.php?rest_route=\/wp\/v2\/types\/post"}],"author":[{"embeddable":true,"href":"https:\/\/ostrowskatv.pl\/index.php?rest_route=\/wp\/v2\/users\/1"}],"replies":[{"embeddable":true,"href":"https:\/\/ostrowskatv.pl\/index.php?rest_route=%2Fwp%2Fv2%2Fcomments&post=11775"}],"version-history":[{"count":0,"href":"https:\/\/ostrowskatv.pl\/index.php?rest_route=\/wp\/v2\/posts\/11775\/revisions"}],"wp:featuredmedia":[{"embeddable":true,"href":"https:\/\/ostrowskatv.pl\/index.php?rest_route=\/wp\/v2\/media\/11774"}],"wp:attachment":[{"href":"https:\/\/ostrowskatv.pl\/index.php?rest_route=%2Fwp%2Fv2%2Fmedia&parent=11775"}],"wp:term":[{"taxonomy":"category","embeddable":true,"href":"https:\/\/ostrowskatv.pl\/index.php?rest_route=%2Fwp%2Fv2%2Fcategories&post=11775"},{"taxonomy":"post_tag","embeddable":true,"href":"https:\/\/ostrowskatv.pl\/index.php?rest_route=%2Fwp%2Fv2%2Ftags&post=11775"}],"curies":[{"name":"wp","href":"https:\/\/api.w.org\/{rel}","templated":true}]}}