{"id":11769,"date":"2020-05-10T19:33:59","date_gmt":"2020-05-10T18:33:59","guid":{"rendered":"http:\/\/ostrowska.tv\/?p=11769"},"modified":"2020-05-10T19:33:59","modified_gmt":"2020-05-10T18:33:59","slug":"kolizja-na-rondzie-bankowym-9-maja-2020","status":"publish","type":"post","link":"https:\/\/ostrowskatv.pl\/?p=11769","title":{"rendered":"Kolizja na Rondzie Bankowym &#8211; 9 maja 2020"},"content":{"rendered":"<p><strong>Po ponad miesi\u0119cznej przerwie wracamy na Rondo Bankowe. Zwi\u0119kszony ruch na drogach spowodowa\u0142, \u017ce kwesti\u0105 czasu by\u0142o zderzenie si\u0119 w popularnym miejscu kolizji na mapie Ostrowa. Tym razem w sobot\u0119 zderzy\u0142y si\u0119 Opel Corsa oraz Peugeot.<\/strong><\/p>\n<p>Poniewa\u017c do zdarzenia dosz\u0142o na wyje\u017adzie z ronda, sytuacja by\u0142a konfliktowa. Ostatecznie uznano win\u0119 kierowcy Opla Corsy, kt\u00f3ry maj\u0105c pojazd po prawej stronie, powinien mu ust\u0105pi\u0107 pierwsze\u0144stwa.<\/p>\n<p>A Pa\u0144stwo zgadzacie si\u0119 z decyzj\u0105 policjant\u00f3w?<\/p>\n<p><iframe loading=\"lazy\" title=\"Kolizja - Rondo Bankowe - 9 maja 2020\" width=\"747\" height=\"420\" src=\"https:\/\/www.youtube.com\/embed\/Ix9SY0zk9B8?feature=oembed\" frameborder=\"0\" allow=\"accelerometer; autoplay; clipboard-write; encrypted-media; gyroscope; picture-in-picture; web-share\" referrerpolicy=\"strict-origin-when-cross-origin\" allowfullscreen><\/iframe><\/p>\n","protected":false},"excerpt":{"rendered":"Po ponad miesi\u0119cznej przerwie wracamy na Rondo Bankowe. Zwi\u0119kszony ruch na drogach spowodowa\u0142, \u017ce kwesti\u0105 czasu by\u0142o zderzenie si\u0119 w popularnym miejscu kolizji \n<a class=\"moretag\" href=\"https:\/\/ostrowskatv.pl\/?p=11769\"> [...]<\/a>","protected":false},"author":1,"featured_media":11770,"comment_status":"open","ping_status":"closed","sticky":false,"template":"","format":"standard","meta":{"footnotes":""},"categories":[1],"tags":[2],"class_list":["post-11769","post","type-post","status-publish","format-standard","has-post-thumbnail","hentry","category-news","tag-ostrow-wielkopolski"],"_links":{"self":[{"href":"https:\/\/ostrowskatv.pl\/index.php?rest_route=\/wp\/v2\/posts\/11769","targetHints":{"allow":["GET"]}}],"collection":[{"href":"https:\/\/ostrowskatv.pl\/index.php?rest_route=\/wp\/v2\/posts"}],"about":[{"href":"https:\/\/ostrowskatv.pl\/index.php?rest_route=\/wp\/v2\/types\/post"}],"author":[{"embeddable":true,"href":"https:\/\/ostrowskatv.pl\/index.php?rest_route=\/wp\/v2\/users\/1"}],"replies":[{"embeddable":true,"href":"https:\/\/ostrowskatv.pl\/index.php?rest_route=%2Fwp%2Fv2%2Fcomments&post=11769"}],"version-history":[{"count":0,"href":"https:\/\/ostrowskatv.pl\/index.php?rest_route=\/wp\/v2\/posts\/11769\/revisions"}],"wp:featuredmedia":[{"embeddable":true,"href":"https:\/\/ostrowskatv.pl\/index.php?rest_route=\/wp\/v2\/media\/11770"}],"wp:attachment":[{"href":"https:\/\/ostrowskatv.pl\/index.php?rest_route=%2Fwp%2Fv2%2Fmedia&parent=11769"}],"wp:term":[{"taxonomy":"category","embeddable":true,"href":"https:\/\/ostrowskatv.pl\/index.php?rest_route=%2Fwp%2Fv2%2Fcategories&post=11769"},{"taxonomy":"post_tag","embeddable":true,"href":"https:\/\/ostrowskatv.pl\/index.php?rest_route=%2Fwp%2Fv2%2Ftags&post=11769"}],"curies":[{"name":"wp","href":"https:\/\/api.w.org\/{rel}","templated":true}]}}