{"id":11764,"date":"2020-05-08T08:50:49","date_gmt":"2020-05-08T07:50:49","guid":{"rendered":"http:\/\/ostrowska.tv\/?p=11764"},"modified":"2020-05-08T08:50:49","modified_gmt":"2020-05-08T07:50:49","slug":"rowerzysta-przejezdzal-osobowka-z-ciezarowka-zderzyly-sie","status":"publish","type":"post","link":"https:\/\/ostrowskatv.pl\/?p=11764","title":{"rendered":"Rowerzysta przeje\u017cd\u017ca\u0142. Osob\u00f3wka z ci\u0119\u017car\u00f3wk\u0105 zderzy\u0142y si\u0119"},"content":{"rendered":"<p><strong>Na drodze krajowej nr 25 w Czekanowie zderzy\u0142y si\u0119 osobowe Volvo oraz ci\u0119\u017carowy Man. Do zdarzenia przyczyni\u0142 si\u0119 rowerzysta, kt\u00f3ry przeje\u017cd\u017ca\u0142 w poprzek przez kraj\u00f3wk\u0119.<\/strong><\/p>\n<p>Osobowe Volvo z m\u0142odym kierowc\u0105 z Droszewa jecha\u0142o od strony Ostrowa. Kierowca widz\u0105c przeje\u017cd\u017caj\u0105cego przez drog\u0119 rowerzyst\u0119, zacz\u0105\u0142 gwa\u0142townie hamowa\u0107. Volvo z uwagi na do\u015b\u0107 kiepski bie\u017cnik opon, zacz\u0119\u0142o &#8222;ta\u0144czy\u0107 na drodze&#8221;i uderzy\u0142o w bok ci\u0119\u017carowki. W Manie uszkodzony zosta\u0142 m. in. bak paliwa, ale nie dosz\u0142o do jego przedziurawienia. Osob\u00f3wka mia\u0142a uszkodzony prz\u00f3d. Rowerzysta nie mia\u0142 fizycznego kontaktu z pojazdami.<\/p>\n<p>Policjanci uznali win\u0119 rowerzysty. Na szcz\u0119\u015bcie mia\u0142 polis\u0119 OC m. in. domu, ale jeszcze nie wiadomo czy pokryje szkody tego zdarzenia. W przeciwnym razie rowerzysta b\u0119dzie musia\u0142 pokry\u0107 straty z w\u0142asnych pieni\u0119dzy.<\/p>\n<div id='gallery-1' class='gallery galleryid-11764 gallery-columns-3 gallery-size-thumbnail'><figure class='gallery-item'>\n\t\t\t<div class='gallery-icon landscape'>\n\t\t\t\t<a href='https:\/\/ostrowskatv.pl\/?attachment_id=11763'><img loading=\"lazy\" decoding=\"async\" width=\"150\" height=\"150\" src=\"https:\/\/ostrowskatv.pl\/wp-content\/uploads\/2020\/05\/IMG_20200508_090301-01-150x150.jpeg\" class=\"attachment-thumbnail size-thumbnail\" alt=\"\" \/><\/a>\n\t\t\t<\/div><\/figure><figure class='gallery-item'>\n\t\t\t<div class='gallery-icon landscape'>\n\t\t\t\t<a href='https:\/\/ostrowskatv.pl\/?attachment_id=11762'><img loading=\"lazy\" decoding=\"async\" width=\"150\" height=\"150\" src=\"https:\/\/ostrowskatv.pl\/wp-content\/uploads\/2020\/05\/IMG_20200508_091406-01-150x150.jpeg\" class=\"attachment-thumbnail size-thumbnail\" alt=\"\" \/><\/a>\n\t\t\t<\/div><\/figure><figure class='gallery-item'>\n\t\t\t<div class='gallery-icon landscape'>\n\t\t\t\t<a href='https:\/\/ostrowskatv.pl\/?attachment_id=11761'><img loading=\"lazy\" decoding=\"async\" width=\"150\" height=\"150\" src=\"https:\/\/ostrowskatv.pl\/wp-content\/uploads\/2020\/05\/IMG_20200508_091353-01-150x150.jpeg\" class=\"attachment-thumbnail size-thumbnail\" alt=\"\" \/><\/a>\n\t\t\t<\/div><\/figure><figure class='gallery-item'>\n\t\t\t<div class='gallery-icon landscape'>\n\t\t\t\t<a href='https:\/\/ostrowskatv.pl\/?attachment_id=11760'><img loading=\"lazy\" decoding=\"async\" width=\"150\" height=\"150\" src=\"https:\/\/ostrowskatv.pl\/wp-content\/uploads\/2020\/05\/IMG_20200508_090645-01-150x150.jpeg\" class=\"attachment-thumbnail size-thumbnail\" alt=\"\" \/><\/a>\n\t\t\t<\/div><\/figure>\n\t\t<\/div>\n\n","protected":false},"excerpt":{"rendered":"Na drodze krajowej nr 25 w Czekanowie zderzy\u0142y si\u0119 osobowe Volvo oraz ci\u0119\u017carowy Man. Do zdarzenia przyczyni\u0142 si\u0119 rowerzysta, kt\u00f3ry przeje\u017cd\u017ca\u0142 w poprzek \n<a class=\"moretag\" href=\"https:\/\/ostrowskatv.pl\/?p=11764\"> [...]<\/a>","protected":false},"author":1,"featured_media":11763,"comment_status":"open","ping_status":"closed","sticky":false,"template":"","format":"standard","meta":{"footnotes":""},"categories":[1],"tags":[98],"class_list":["post-11764","post","type-post","status-publish","format-standard","has-post-thumbnail","hentry","category-news","tag-czekanow"],"_links":{"self":[{"href":"https:\/\/ostrowskatv.pl\/index.php?rest_route=\/wp\/v2\/posts\/11764","targetHints":{"allow":["GET"]}}],"collection":[{"href":"https:\/\/ostrowskatv.pl\/index.php?rest_route=\/wp\/v2\/posts"}],"about":[{"href":"https:\/\/ostrowskatv.pl\/index.php?rest_route=\/wp\/v2\/types\/post"}],"author":[{"embeddable":true,"href":"https:\/\/ostrowskatv.pl\/index.php?rest_route=\/wp\/v2\/users\/1"}],"replies":[{"embeddable":true,"href":"https:\/\/ostrowskatv.pl\/index.php?rest_route=%2Fwp%2Fv2%2Fcomments&post=11764"}],"version-history":[{"count":0,"href":"https:\/\/ostrowskatv.pl\/index.php?rest_route=\/wp\/v2\/posts\/11764\/revisions"}],"wp:featuredmedia":[{"embeddable":true,"href":"https:\/\/ostrowskatv.pl\/index.php?rest_route=\/wp\/v2\/media\/11763"}],"wp:attachment":[{"href":"https:\/\/ostrowskatv.pl\/index.php?rest_route=%2Fwp%2Fv2%2Fmedia&parent=11764"}],"wp:term":[{"taxonomy":"category","embeddable":true,"href":"https:\/\/ostrowskatv.pl\/index.php?rest_route=%2Fwp%2Fv2%2Fcategories&post=11764"},{"taxonomy":"post_tag","embeddable":true,"href":"https:\/\/ostrowskatv.pl\/index.php?rest_route=%2Fwp%2Fv2%2Ftags&post=11764"}],"curies":[{"name":"wp","href":"https:\/\/api.w.org\/{rel}","templated":true}]}}