{"id":11758,"date":"2020-05-04T12:43:11","date_gmt":"2020-05-04T11:43:11","guid":{"rendered":"http:\/\/ostrowska.tv\/?p=11758"},"modified":"2020-05-04T12:43:11","modified_gmt":"2020-05-04T11:43:11","slug":"ktore-sklepy-nie-otwarly-sie-w-galeriach-po-koronawirusowej-przerwie","status":"publish","type":"post","link":"https:\/\/ostrowskatv.pl\/?p=11758","title":{"rendered":"Kt\u00f3re sklepy nie otwar\u0142y si\u0119 w galeriach po koronawirusowej przerwie?"},"content":{"rendered":"<p><strong>Od dzisiaj, 4 maja zosta\u0142y otwarte galerie handlowe. U nas najwi\u0119ksz\u0105 jest Galeria Ostrovia. Okazuje si\u0119, \u017ce kilka znanych &#8222;sieci\u00f3wek&#8221; (sklep\u00f3w odzie\u017cowych &#8211; przyp. red.) jest zamkni\u0119ta i nie jest to przypadek. Przyczyn\u0105 jest trudna sytuacja w tych bran\u017cach.<\/strong><\/p>\n<p>Sklepy odzie\u017cowej nale\u017c\u0105ce do LPP nie otwar\u0142y si\u0119 dzisiaj w galerii Ostrovia. S\u0105 to Reserved, Cropp, House i Mohito. Przedstawiciele w\u0142a\u015bciciela tych marek twierdz\u0105, \u017ce zgodnie z obowi\u0105zuj\u0105cymi przepisami, zamierzaj\u0105 skorzysta\u0107 z zerwanie d\u0142ugoterminowych um\u00f3w w takich miejscach jak galerie, bez ponoszenia kar. <\/p>\n<p>&#8211; Wyj\u0105tkowe okoliczno\u015bci, z kt\u00f3rymi mamy teraz do czynienia s\u0105 bezdyskusyjne i bezprecedensowe. Przewidywana przez nas niska frekwencja w obiektach handlowych, brak imprez masowych, jak \u015bluby, komunie, imprezy rodzinne, kt\u00f3re dotychczas by\u0142y g\u0142\u00f3wnym generatorem naszych obrot\u00f3w, prawdopodobna zmiana zachowa\u0144 konsument\u00f3w, wzrost bezrobocia, a co za tym idzie spadek si\u0142y nabywczej Polak\u00f3w oraz wiele innych negatywnych skutk\u00f3w ograniczenia handlu na gospodark\u0119 nie pozwala nam na kontynuowanie wielu um\u00f3w najmu po zniesieniu zakazu na warunkach pierwotnie w nich ustalonych. Z tego wi\u0119c powodu zdecydowali\u015bmy si\u0119 odst\u0105pi\u0107 od 21 um\u00f3w najmu i nie otwiera\u0107 tych salon\u00f3w. Pomimo tych wszystkich trudno\u015bci w dalszym ci\u0105gu b\u0119dziemy jednak walczy\u0107 o utrzymanie wi\u0119kszo\u015bci lokalizacji, miejsc pracy dla naszego, szkolonego przez lata, \u015bwietnego personelu i bacznie przygl\u0105da\u0107 si\u0119 sytuacji na rynku, kt\u00f3ry pewnie jeszcze przez kilkana\u015bcie miesi\u0119cy b\u0119dzie podnosi\u0107 si\u0119 ze &#8222;zgliszcz&#8221;. W tym celu ju\u017c od ubieg\u0142ego tygodnia prowadzimy intensywne renegocjacje warunk\u00f3w we wszystkich umowach najmu &#8211; t\u0142umaczy Zbigniew Markowski, jeden z w\u0142a\u015bcicieli Giacomo Conti.<\/p>\n<p>Ponadto w cz\u0119\u015bci restauracyjnej zamkni\u0119ta jest restauracja G\u00f3recznik oraz kilka innych.<\/p>\n<p>Wej\u015bcie do galerii mo\u017ce odbywa si\u0119 tylko od strony sklepu Media Expert i stamt\u0105d s\u0105 wyznaczone kierunki ruchu. W rzeczywisto\u015bci cz\u0119\u015b\u0107 os\u00f3b wchodzi innymi wej\u015bciami i nikt tego nie kontroluje. Przy wej\u015bciu i wyj\u015bciu s\u0105 dozowniki z p\u0142ynem dezynfekcyjnym. W niekt\u00f3rych sklepach personel jest odgrodzony pleks\u0105, w innych maj\u0105 tylko maseczki lub przy\u0142bice. <\/p>\n<p>W Polsce zamykanie w galeriach przewiduj\u0105 takie marki jak CCC, Martes Sport, Lancerto, Sphinx czy Giacomo Conti. Decyzje s\u0105 podejmowane indywidualne w zale\u017cno\u015bci od lokalizacji. Niekt\u00f3rzy twierdz\u0105, \u017ce zagro\u017cenie zerwania umowy jest pretekstem do wynegocjowania atrakcyjniejszych stawek za najem w galeriach handlowych.<\/p>\n<div id='gallery-1' class='gallery galleryid-11758 gallery-columns-3 gallery-size-thumbnail'><figure class='gallery-item'>\n\t\t\t<div class='gallery-icon landscape'>\n\t\t\t\t<a href='https:\/\/ostrowskatv.pl\/?attachment_id=11756'><img loading=\"lazy\" decoding=\"async\" width=\"150\" height=\"150\" src=\"https:\/\/ostrowskatv.pl\/wp-content\/uploads\/2020\/05\/IMG_20200504_123519-01-150x150.jpeg\" class=\"attachment-thumbnail size-thumbnail\" alt=\"\" \/><\/a>\n\t\t\t<\/div><\/figure><figure class='gallery-item'>\n\t\t\t<div class='gallery-icon landscape'>\n\t\t\t\t<a href='https:\/\/ostrowskatv.pl\/?attachment_id=11757'><img loading=\"lazy\" decoding=\"async\" width=\"150\" height=\"150\" src=\"https:\/\/ostrowskatv.pl\/wp-content\/uploads\/2020\/05\/IMG_20200504_123533-01-150x150.jpeg\" class=\"attachment-thumbnail size-thumbnail\" alt=\"\" \/><\/a>\n\t\t\t<\/div><\/figure><figure class='gallery-item'>\n\t\t\t<div class='gallery-icon landscape'>\n\t\t\t\t<a href='https:\/\/ostrowskatv.pl\/?attachment_id=11755'><img loading=\"lazy\" decoding=\"async\" width=\"150\" height=\"150\" src=\"https:\/\/ostrowskatv.pl\/wp-content\/uploads\/2020\/05\/IMG_20200504_123508-01-150x150.jpeg\" class=\"attachment-thumbnail size-thumbnail\" alt=\"\" \/><\/a>\n\t\t\t<\/div><\/figure><figure class='gallery-item'>\n\t\t\t<div class='gallery-icon landscape'>\n\t\t\t\t<a href='https:\/\/ostrowskatv.pl\/?attachment_id=11754'><img loading=\"lazy\" decoding=\"async\" width=\"150\" height=\"150\" src=\"https:\/\/ostrowskatv.pl\/wp-content\/uploads\/2020\/05\/IMG_20200504_123439-01-150x150.jpeg\" class=\"attachment-thumbnail size-thumbnail\" alt=\"\" \/><\/a>\n\t\t\t<\/div><\/figure><figure class='gallery-item'>\n\t\t\t<div class='gallery-icon portrait'>\n\t\t\t\t<a href='https:\/\/ostrowskatv.pl\/?attachment_id=11753'><img loading=\"lazy\" decoding=\"async\" width=\"150\" height=\"150\" src=\"https:\/\/ostrowskatv.pl\/wp-content\/uploads\/2020\/05\/IMG_20200504_123337-01-150x150.jpeg\" class=\"attachment-thumbnail size-thumbnail\" alt=\"\" \/><\/a>\n\t\t\t<\/div><\/figure><figure class='gallery-item'>\n\t\t\t<div class='gallery-icon landscape'>\n\t\t\t\t<a href='https:\/\/ostrowskatv.pl\/?attachment_id=11752'><img loading=\"lazy\" decoding=\"async\" width=\"150\" height=\"150\" src=\"https:\/\/ostrowskatv.pl\/wp-content\/uploads\/2020\/05\/IMG_20200504_123259-01-150x150.jpeg\" class=\"attachment-thumbnail size-thumbnail\" alt=\"\" \/><\/a>\n\t\t\t<\/div><\/figure><figure class='gallery-item'>\n\t\t\t<div class='gallery-icon landscape'>\n\t\t\t\t<a href='https:\/\/ostrowskatv.pl\/?attachment_id=11751'><img loading=\"lazy\" decoding=\"async\" width=\"150\" height=\"150\" src=\"https:\/\/ostrowskatv.pl\/wp-content\/uploads\/2020\/05\/IMG_20200504_123114-01-150x150.jpeg\" class=\"attachment-thumbnail size-thumbnail\" alt=\"\" \/><\/a>\n\t\t\t<\/div><\/figure><figure class='gallery-item'>\n\t\t\t<div class='gallery-icon portrait'>\n\t\t\t\t<a href='https:\/\/ostrowskatv.pl\/?attachment_id=11750'><img loading=\"lazy\" decoding=\"async\" width=\"150\" height=\"150\" src=\"https:\/\/ostrowskatv.pl\/wp-content\/uploads\/2020\/05\/IMG_20200504_123055-01-150x150.jpeg\" class=\"attachment-thumbnail size-thumbnail\" alt=\"\" \/><\/a>\n\t\t\t<\/div><\/figure><figure class='gallery-item'>\n\t\t\t<div class='gallery-icon landscape'>\n\t\t\t\t<a href='https:\/\/ostrowskatv.pl\/?attachment_id=11749'><img loading=\"lazy\" decoding=\"async\" width=\"150\" height=\"150\" src=\"https:\/\/ostrowskatv.pl\/wp-content\/uploads\/2020\/05\/IMG_20200504_122953-01-150x150.jpeg\" class=\"attachment-thumbnail size-thumbnail\" alt=\"\" \/><\/a>\n\t\t\t<\/div><\/figure><figure class='gallery-item'>\n\t\t\t<div class='gallery-icon landscape'>\n\t\t\t\t<a href='https:\/\/ostrowskatv.pl\/?attachment_id=11748'><img loading=\"lazy\" decoding=\"async\" width=\"150\" height=\"150\" src=\"https:\/\/ostrowskatv.pl\/wp-content\/uploads\/2020\/05\/IMG_20200504_122950-01-150x150.jpeg\" class=\"attachment-thumbnail size-thumbnail\" alt=\"\" \/><\/a>\n\t\t\t<\/div><\/figure><figure class='gallery-item'>\n\t\t\t<div class='gallery-icon landscape'>\n\t\t\t\t<a href='https:\/\/ostrowskatv.pl\/?attachment_id=11746'><img loading=\"lazy\" decoding=\"async\" width=\"150\" height=\"150\" src=\"https:\/\/ostrowskatv.pl\/wp-content\/uploads\/2020\/05\/IMG_20200504_123259-012-150x150.jpeg\" class=\"attachment-thumbnail size-thumbnail\" alt=\"\" \/><\/a>\n\t\t\t<\/div><\/figure><figure class='gallery-item'>\n\t\t\t<div class='gallery-icon landscape'>\n\t\t\t\t<a href='https:\/\/ostrowskatv.pl\/?attachment_id=11747'><img loading=\"lazy\" decoding=\"async\" width=\"150\" height=\"150\" src=\"https:\/\/ostrowskatv.pl\/wp-content\/uploads\/2020\/05\/IMG_20200504_122833-01-150x150.jpeg\" class=\"attachment-thumbnail size-thumbnail\" alt=\"\" \/><\/a>\n\t\t\t<\/div><\/figure>\n\t\t<\/div>\n\n","protected":false},"excerpt":{"rendered":"Od dzisiaj, 4 maja zosta\u0142y otwarte galerie handlowe. U nas najwi\u0119ksz\u0105 jest Galeria Ostrovia. Okazuje si\u0119, \u017ce kilka znanych &#8222;sieci\u00f3wek&#8221; (sklep\u00f3w odzie\u017cowych &#8211; \n<a class=\"moretag\" href=\"https:\/\/ostrowskatv.pl\/?p=11758\"> [...]<\/a>","protected":false},"author":1,"featured_media":11749,"comment_status":"open","ping_status":"closed","sticky":false,"template":"","format":"standard","meta":{"footnotes":""},"categories":[1],"tags":[2],"class_list":["post-11758","post","type-post","status-publish","format-standard","has-post-thumbnail","hentry","category-news","tag-ostrow-wielkopolski"],"_links":{"self":[{"href":"https:\/\/ostrowskatv.pl\/index.php?rest_route=\/wp\/v2\/posts\/11758","targetHints":{"allow":["GET"]}}],"collection":[{"href":"https:\/\/ostrowskatv.pl\/index.php?rest_route=\/wp\/v2\/posts"}],"about":[{"href":"https:\/\/ostrowskatv.pl\/index.php?rest_route=\/wp\/v2\/types\/post"}],"author":[{"embeddable":true,"href":"https:\/\/ostrowskatv.pl\/index.php?rest_route=\/wp\/v2\/users\/1"}],"replies":[{"embeddable":true,"href":"https:\/\/ostrowskatv.pl\/index.php?rest_route=%2Fwp%2Fv2%2Fcomments&post=11758"}],"version-history":[{"count":0,"href":"https:\/\/ostrowskatv.pl\/index.php?rest_route=\/wp\/v2\/posts\/11758\/revisions"}],"wp:featuredmedia":[{"embeddable":true,"href":"https:\/\/ostrowskatv.pl\/index.php?rest_route=\/wp\/v2\/media\/11749"}],"wp:attachment":[{"href":"https:\/\/ostrowskatv.pl\/index.php?rest_route=%2Fwp%2Fv2%2Fmedia&parent=11758"}],"wp:term":[{"taxonomy":"category","embeddable":true,"href":"https:\/\/ostrowskatv.pl\/index.php?rest_route=%2Fwp%2Fv2%2Fcategories&post=11758"},{"taxonomy":"post_tag","embeddable":true,"href":"https:\/\/ostrowskatv.pl\/index.php?rest_route=%2Fwp%2Fv2%2Ftags&post=11758"}],"curies":[{"name":"wp","href":"https:\/\/api.w.org\/{rel}","templated":true}]}}