{"id":11732,"date":"2020-05-03T03:01:30","date_gmt":"2020-05-03T02:01:30","guid":{"rendered":"http:\/\/ostrowska.tv\/?p=11732"},"modified":"2020-05-03T03:01:30","modified_gmt":"2020-05-03T02:01:30","slug":"wedkarz-z-ukrainy-uratowal-topielca-cialo-drugiego-wylowili-strazacy","status":"publish","type":"post","link":"https:\/\/ostrowskatv.pl\/?p=11732","title":{"rendered":"W\u0119dkarz z Ukrainy uratowa\u0142 topielca. Cia\u0142o drugiego wy\u0142owili stra\u017cacy"},"content":{"rendered":"<p><strong>Przed p\u00f3\u0142noc\u0105 z soboty na niedziel\u0119 stra\u017c po\u017carna otrzyma\u0142a zg\u0142oszenie o toni\u0119ciu os\u00f3b, kt\u00f3re przebywa\u0142y nad stawem przy ul. Ko\u015bciuszki w Ostrzeszowie. Jednego uda\u0142o si\u0119 uratowa\u0107, drugi niestety zmar\u0142<\/strong>.<\/p>\n<p>Nad stawem w\u0119dkarskim, kt\u00f3ry kiedy\u015b by\u0142 tzw. gliniank\u0105, wiecz\u00f3r sp\u0119dza\u0142o kilkoro m\u0142odych ludzi oraz w\u0119dkarz.<\/p>\n<p>Obywatel Ukrainy, pracuj\u0105cy w powiecie ostrzeszowskim, \u0142owi\u0142 ryby. Po drugiej stronie widzia\u0142 i s\u0142ysza\u0142 kilka os\u00f3b, kt\u00f3rzy \u015bmiali si\u0119 i rozmawiali ze sob\u0105.<\/p>\n<p>Kiedy w\u0119dkarz by\u0142 w trakcie chowania sprz\u0119tu w\u0119dkarskiego do auta, us\u0142ysza\u0142, \u017ce kto\u015b wpad\u0142 do wody. Pobieg\u0142 w stron\u0119 zdarzenia, ale ju\u017c wtedy widzia\u0142 tylko jednego ton\u0105cego. Wszed\u0142 do zimnej wody i trzymaj\u0105c w r\u0119ce podbierak poda\u0142 jego koniec m\u0142odemu m\u0119\u017cczy\u017anie. Uda\u0142o si\u0119 go wydoby\u0107 na brzeg. W pierwszej relacji uratowanego wynika\u0142o, \u017ce jeszcze dwie osoby mog\u0105 przebywa\u0107 w wodzie.<\/p>\n<p>Na miejsce wezwano stra\u017cak\u00f3w z Ostrzeszowa, tak\u017ce zast\u0119p z \u0142odzi\u0105 oraz jednostk\u0119 z sonarem z woj. \u0142\u00f3dzkiego. Penetracja stawu zako\u0144czy\u0142a si\u0119 odnalezieniem drugiego z m\u0119\u017cczyzn.<\/p>\n<p>Przyst\u0105piono do jego resustytacji. Przyby\u0142y na miejsce lekarz stwierdzi\u0142 zgon m\u0119\u017cczyzny.<\/p>\n<p>Zdaniem bohaterskiego w\u0119dkarza, m\u0119\u017cczy\u017ani mieli 20-21 lat, a jeden z nich mia\u0142 mie\u0107 urodziny 1 maja.<\/p>\n<p>Trzeciego z m\u0119\u017cczyzn nie szukano, poniewa\u017c ustalono, \u017ce jednak dw\u00f3ch m\u0119\u017cczyzn znalaz\u0142o si\u0119 w wodzie.<\/p>\n<div id='gallery-1' class='gallery galleryid-11732 gallery-columns-3 gallery-size-thumbnail'><figure class='gallery-item'>\n\t\t\t<div class='gallery-icon landscape'>\n\t\t\t\t<a href='https:\/\/ostrowskatv.pl\/?attachment_id=11737'><img loading=\"lazy\" decoding=\"async\" width=\"150\" height=\"150\" src=\"https:\/\/ostrowskatv.pl\/wp-content\/uploads\/2020\/05\/ostrzeszow_topielec-150x150.jpg\" class=\"attachment-thumbnail size-thumbnail\" alt=\"\" \/><\/a>\n\t\t\t<\/div><\/figure><figure class='gallery-item'>\n\t\t\t<div class='gallery-icon landscape'>\n\t\t\t\t<a href='https:\/\/ostrowskatv.pl\/?attachment_id=11736'><img loading=\"lazy\" decoding=\"async\" width=\"150\" height=\"150\" src=\"https:\/\/ostrowskatv.pl\/wp-content\/uploads\/2020\/05\/ostrzeszow_straz_noc-150x150.jpg\" class=\"attachment-thumbnail size-thumbnail\" alt=\"\" \/><\/a>\n\t\t\t<\/div><\/figure><figure class='gallery-item'>\n\t\t\t<div class='gallery-icon landscape'>\n\t\t\t\t<a href='https:\/\/ostrowskatv.pl\/?attachment_id=11735'><img loading=\"lazy\" decoding=\"async\" width=\"150\" height=\"150\" src=\"https:\/\/ostrowskatv.pl\/wp-content\/uploads\/2020\/05\/ostrzeszow_topielec_nocka-150x150.jpg\" class=\"attachment-thumbnail size-thumbnail\" alt=\"\" \/><\/a>\n\t\t\t<\/div><\/figure><figure class='gallery-item'>\n\t\t\t<div class='gallery-icon portrait'>\n\t\t\t\t<a href='https:\/\/ostrowskatv.pl\/?attachment_id=11734'><img loading=\"lazy\" decoding=\"async\" width=\"150\" height=\"150\" src=\"https:\/\/ostrowskatv.pl\/wp-content\/uploads\/2020\/05\/staw_ostrzeszow-150x150.jpg\" class=\"attachment-thumbnail size-thumbnail\" alt=\"\" \/><\/a>\n\t\t\t<\/div><\/figure>\n\t\t<\/div>\n\n","protected":false},"excerpt":{"rendered":"Przed p\u00f3\u0142noc\u0105 z soboty na niedziel\u0119 stra\u017c po\u017carna otrzyma\u0142a zg\u0142oszenie o toni\u0119ciu os\u00f3b, kt\u00f3re przebywa\u0142y nad stawem przy ul. Ko\u015bciuszki w Ostrzeszowie. Jednego \n<a class=\"moretag\" href=\"https:\/\/ostrowskatv.pl\/?p=11732\"> [...]<\/a>","protected":false},"author":1,"featured_media":11736,"comment_status":"open","ping_status":"closed","sticky":false,"template":"","format":"standard","meta":{"footnotes":""},"categories":[1],"tags":[109],"class_list":["post-11732","post","type-post","status-publish","format-standard","has-post-thumbnail","hentry","category-news","tag-ostrzeszow"],"_links":{"self":[{"href":"https:\/\/ostrowskatv.pl\/index.php?rest_route=\/wp\/v2\/posts\/11732","targetHints":{"allow":["GET"]}}],"collection":[{"href":"https:\/\/ostrowskatv.pl\/index.php?rest_route=\/wp\/v2\/posts"}],"about":[{"href":"https:\/\/ostrowskatv.pl\/index.php?rest_route=\/wp\/v2\/types\/post"}],"author":[{"embeddable":true,"href":"https:\/\/ostrowskatv.pl\/index.php?rest_route=\/wp\/v2\/users\/1"}],"replies":[{"embeddable":true,"href":"https:\/\/ostrowskatv.pl\/index.php?rest_route=%2Fwp%2Fv2%2Fcomments&post=11732"}],"version-history":[{"count":0,"href":"https:\/\/ostrowskatv.pl\/index.php?rest_route=\/wp\/v2\/posts\/11732\/revisions"}],"wp:featuredmedia":[{"embeddable":true,"href":"https:\/\/ostrowskatv.pl\/index.php?rest_route=\/wp\/v2\/media\/11736"}],"wp:attachment":[{"href":"https:\/\/ostrowskatv.pl\/index.php?rest_route=%2Fwp%2Fv2%2Fmedia&parent=11732"}],"wp:term":[{"taxonomy":"category","embeddable":true,"href":"https:\/\/ostrowskatv.pl\/index.php?rest_route=%2Fwp%2Fv2%2Fcategories&post=11732"},{"taxonomy":"post_tag","embeddable":true,"href":"https:\/\/ostrowskatv.pl\/index.php?rest_route=%2Fwp%2Fv2%2Ftags&post=11732"}],"curies":[{"name":"wp","href":"https:\/\/api.w.org\/{rel}","templated":true}]}}